{"id":4825,"date":"2023-05-01T10:03:27","date_gmt":"2023-05-01T08:03:27","guid":{"rendered":"https:\/\/www.evgruwi.de\/?p=4825"},"modified":"2026-01-26T10:20:28","modified_gmt":"2026-01-26T09:20:28","slug":"neues-vorstandsmitglied-im-fv","status":"publish","type":"post","link":"https:\/\/fv-evgruwi.org\/index.php\/2023\/05\/01\/neues-vorstandsmitglied-im-fv\/","title":{"rendered":"Neues Vorstandsmitglied im FV"},"content":{"rendered":"\n<p>Der F\u00f6rderverein der EvGruWi hat einen neuen Vorstand. Lars T\u00f6pfer ist als neuer Schatzmeister gew\u00e4hlt worden. Marlen Grasmugg und Susana Onnasch da Cunha bleiben dem F\u00f6rderverein erhalten. Utz G\u00f6hring bleibt bis zum Ende der Amts\u00fcbergabe begleitend im Vorstand.<\/p>\n\n\n<p><img loading=\"lazy\" decoding=\"async\" class=\"wp-image-4828 size-medium alignright\" src=\"https:\/\/www.evgruwi.de\/wp-content\/uploads\/sites\/12\/2023\/05\/lars-Schatzmeister-300x300.jpeg\" alt=\"\" width=\"300\" height=\"300\" \/><\/p>\n<p>&#8222;Mein Name ist Lars T\u00f6pfer. Ich bin Vater von 3 Kindern. Mein Gro\u00dfer ist aktuell bei den Bibern, die Mittlere bei den Pinguinen und die Kleinste startet in diesem Sommer in der Kita Daniel auf dem Campus.<\/p>\n<p>Seitdem meine Kinder die EvGruWi besuchen, habe ich die engagierte Arbeit des F\u00f6rdervereins mit gro\u00dfem Interesse verfolgt und freue mich, zuk\u00fcnftig gemeinsam mit Susana Onnasch da Cunha, Marlen Grasmugg, allen Mitgliedern, Eltern sowie den Lehrer:innen und Erzieher:innen vertrauensvoll zusammenzuarbeiten und das Schulleben unserer Kinder zu bereichern.<\/p>\n<p>Herzlichen Dank f\u00fcr das mir entgegengebrachte Vertrauen!&#8220;<\/p>\n\n\n<hr class=\"wp-block-separator has-text-color has-theme-palette-7-color has-alpha-channel-opacity has-theme-palette-7-background-color has-background is-style-wide\"\/>\n","protected":false},"excerpt":{"rendered":"<p>Der F\u00f6rderverein der EvGruWi hat einen neuen Vorstand. Lars T\u00f6pfer ist als neuer Schatzmeister gew\u00e4hlt worden. Marlen Grasmugg und Susana Onnasch da Cunha bleiben dem F\u00f6rderverein erhalten. Utz G\u00f6hring bleibt bis zum Ende der Amts\u00fcbergabe begleitend im Vorstand. &#8222;Mein Name ist Lars T\u00f6pfer. Ich bin Vater von 3 Kindern. Mein Gro\u00dfer ist aktuell bei den&#8230;<\/p>\n","protected":false},"author":2,"featured_media":2859,"comment_status":"closed","ping_status":"open","sticky":false,"template":"","format":"standard","meta":{"_kad_post_transparent":"","_kad_post_title":"","_kad_post_layout":"","_kad_post_sidebar_id":"","_kad_post_content_style":"","_kad_post_vertical_padding":"","_kad_post_feature":"","_kad_post_feature_position":"","_kad_post_header":false,"_kad_post_footer":false,"_kad_post_classname":"","footnotes":"","_links_to":"","_links_to_target":""},"categories":[21],"tags":[],"class_list":["post-4825","post","type-post","status-publish","format-standard","has-post-thumbnail","hentry","category-verein"],"yoast_head":"<!-- This site is optimized with the Yoast SEO plugin v27.4 - https:\/\/yoast.com\/product\/yoast-seo-wordpress\/ -->\n<title>Neues Vorstandsmitglied im FV - F\u00f6rderverein<\/title>\n<meta name=\"robots\" content=\"index, follow, max-snippet:-1, max-image-preview:large, max-video-preview:-1\" \/>\n<link rel=\"canonical\" href=\"https:\/\/fv-evgruwi.org\/index.php\/2023\/05\/01\/neues-vorstandsmitglied-im-fv\/\" \/>\n<meta property=\"og:locale\" content=\"de_DE\" \/>\n<meta property=\"og:type\" content=\"article\" \/>\n<meta property=\"og:title\" content=\"Neues Vorstandsmitglied im FV - F\u00f6rderverein\" \/>\n<meta property=\"og:description\" content=\"Der F\u00f6rderverein der EvGruWi hat einen neuen Vorstand. Lars T\u00f6pfer ist als neuer Schatzmeister gew\u00e4hlt worden. Marlen Grasmugg und Susana Onnasch da Cunha bleiben dem F\u00f6rderverein erhalten. Utz G\u00f6hring bleibt bis zum Ende der Amts\u00fcbergabe begleitend im Vorstand. &#8222;Mein Name ist Lars T\u00f6pfer. Ich bin Vater von 3 Kindern. Mein Gro\u00dfer ist aktuell bei den...\" \/>\n<meta property=\"og:url\" content=\"https:\/\/fv-evgruwi.org\/index.php\/2023\/05\/01\/neues-vorstandsmitglied-im-fv\/\" \/>\n<meta property=\"og:site_name\" content=\"F\u00f6rderverein\" \/>\n<meta property=\"article:published_time\" content=\"2023-05-01T08:03:27+00:00\" \/>\n<meta property=\"article:modified_time\" content=\"2026-01-26T09:20:28+00:00\" \/>\n<meta property=\"og:image\" content=\"https:\/\/fv-evgruwi.org\/wp-content\/uploads\/2022\/04\/who.jpg\" \/>\n\t<meta property=\"og:image:width\" content=\"1920\" \/>\n\t<meta property=\"og:image:height\" content=\"1280\" \/>\n\t<meta property=\"og:image:type\" content=\"image\/jpeg\" \/>\n<meta name=\"author\" content=\"Benjamin\" \/>\n<meta name=\"twitter:card\" content=\"summary_large_image\" \/>\n<meta name=\"twitter:label1\" content=\"Verfasst von\" \/>\n\t<meta name=\"twitter:data1\" content=\"Benjamin\" \/>\n\t<meta name=\"twitter:label2\" content=\"Gesch\u00e4tzte Lesezeit\" \/>\n\t<meta name=\"twitter:data2\" content=\"1\u00a0Minute\" \/>\n<script type=\"application\/ld+json\" class=\"yoast-schema-graph\">{\"@context\":\"https:\\\/\\\/schema.org\",\"@graph\":[{\"@type\":\"Article\",\"@id\":\"https:\\\/\\\/fv-evgruwi.org\\\/index.php\\\/2023\\\/05\\\/01\\\/neues-vorstandsmitglied-im-fv\\\/#article\",\"isPartOf\":{\"@id\":\"https:\\\/\\\/fv-evgruwi.org\\\/index.php\\\/2023\\\/05\\\/01\\\/neues-vorstandsmitglied-im-fv\\\/\"},\"author\":{\"name\":\"Benjamin\",\"@id\":\"https:\\\/\\\/fv-evgruwi.org\\\/#\\\/schema\\\/person\\\/a5f04d777f7e263a9cd0da0f31a581b0\"},\"headline\":\"Neues Vorstandsmitglied im FV\",\"datePublished\":\"2023-05-01T08:03:27+00:00\",\"dateModified\":\"2026-01-26T09:20:28+00:00\",\"mainEntityOfPage\":{\"@id\":\"https:\\\/\\\/fv-evgruwi.org\\\/index.php\\\/2023\\\/05\\\/01\\\/neues-vorstandsmitglied-im-fv\\\/\"},\"wordCount\":145,\"publisher\":{\"@id\":\"https:\\\/\\\/fv-evgruwi.org\\\/#organization\"},\"image\":{\"@id\":\"https:\\\/\\\/fv-evgruwi.org\\\/index.php\\\/2023\\\/05\\\/01\\\/neues-vorstandsmitglied-im-fv\\\/#primaryimage\"},\"thumbnailUrl\":\"https:\\\/\\\/fv-evgruwi.org\\\/wp-content\\\/uploads\\\/2022\\\/04\\\/who.jpg\",\"articleSection\":[\"Verein\"],\"inLanguage\":\"de\"},{\"@type\":\"WebPage\",\"@id\":\"https:\\\/\\\/fv-evgruwi.org\\\/index.php\\\/2023\\\/05\\\/01\\\/neues-vorstandsmitglied-im-fv\\\/\",\"url\":\"https:\\\/\\\/fv-evgruwi.org\\\/index.php\\\/2023\\\/05\\\/01\\\/neues-vorstandsmitglied-im-fv\\\/\",\"name\":\"Neues Vorstandsmitglied im FV - F\u00f6rderverein\",\"isPartOf\":{\"@id\":\"https:\\\/\\\/fv-evgruwi.org\\\/#website\"},\"primaryImageOfPage\":{\"@id\":\"https:\\\/\\\/fv-evgruwi.org\\\/index.php\\\/2023\\\/05\\\/01\\\/neues-vorstandsmitglied-im-fv\\\/#primaryimage\"},\"image\":{\"@id\":\"https:\\\/\\\/fv-evgruwi.org\\\/index.php\\\/2023\\\/05\\\/01\\\/neues-vorstandsmitglied-im-fv\\\/#primaryimage\"},\"thumbnailUrl\":\"https:\\\/\\\/fv-evgruwi.org\\\/wp-content\\\/uploads\\\/2022\\\/04\\\/who.jpg\",\"datePublished\":\"2023-05-01T08:03:27+00:00\",\"dateModified\":\"2026-01-26T09:20:28+00:00\",\"breadcrumb\":{\"@id\":\"https:\\\/\\\/fv-evgruwi.org\\\/index.php\\\/2023\\\/05\\\/01\\\/neues-vorstandsmitglied-im-fv\\\/#breadcrumb\"},\"inLanguage\":\"de\",\"potentialAction\":[{\"@type\":\"ReadAction\",\"target\":[\"https:\\\/\\\/fv-evgruwi.org\\\/index.php\\\/2023\\\/05\\\/01\\\/neues-vorstandsmitglied-im-fv\\\/\"]}]},{\"@type\":\"ImageObject\",\"inLanguage\":\"de\",\"@id\":\"https:\\\/\\\/fv-evgruwi.org\\\/index.php\\\/2023\\\/05\\\/01\\\/neues-vorstandsmitglied-im-fv\\\/#primaryimage\",\"url\":\"https:\\\/\\\/fv-evgruwi.org\\\/wp-content\\\/uploads\\\/2022\\\/04\\\/who.jpg\",\"contentUrl\":\"https:\\\/\\\/fv-evgruwi.org\\\/wp-content\\\/uploads\\\/2022\\\/04\\\/who.jpg\",\"width\":1920,\"height\":1280},{\"@type\":\"BreadcrumbList\",\"@id\":\"https:\\\/\\\/fv-evgruwi.org\\\/index.php\\\/2023\\\/05\\\/01\\\/neues-vorstandsmitglied-im-fv\\\/#breadcrumb\",\"itemListElement\":[{\"@type\":\"ListItem\",\"position\":1,\"name\":\"Home\",\"item\":\"https:\\\/\\\/fv-evgruwi.org\\\/\"},{\"@type\":\"ListItem\",\"position\":2,\"name\":\"Neues Vorstandsmitglied im FV\"}]},{\"@type\":\"WebSite\",\"@id\":\"https:\\\/\\\/fv-evgruwi.org\\\/#website\",\"url\":\"https:\\\/\\\/fv-evgruwi.org\\\/\",\"name\":\"F\u00f6rderverein\",\"description\":\"Ev. Grundschule Wilmersdorf\",\"publisher\":{\"@id\":\"https:\\\/\\\/fv-evgruwi.org\\\/#organization\"},\"potentialAction\":[{\"@type\":\"SearchAction\",\"target\":{\"@type\":\"EntryPoint\",\"urlTemplate\":\"https:\\\/\\\/fv-evgruwi.org\\\/?s={search_term_string}\"},\"query-input\":{\"@type\":\"PropertyValueSpecification\",\"valueRequired\":true,\"valueName\":\"search_term_string\"}}],\"inLanguage\":\"de\"},{\"@type\":\"Organization\",\"@id\":\"https:\\\/\\\/fv-evgruwi.org\\\/#organization\",\"name\":\"F\u00f6rderverein\",\"url\":\"https:\\\/\\\/fv-evgruwi.org\\\/\",\"logo\":{\"@type\":\"ImageObject\",\"inLanguage\":\"de\",\"@id\":\"https:\\\/\\\/fv-evgruwi.org\\\/#\\\/schema\\\/logo\\\/image\\\/\",\"url\":\"https:\\\/\\\/fv-evgruwi.org\\\/wp-content\\\/uploads\\\/2024\\\/03\\\/evgruwiFV-g.png\",\"contentUrl\":\"https:\\\/\\\/fv-evgruwi.org\\\/wp-content\\\/uploads\\\/2024\\\/03\\\/evgruwiFV-g.png\",\"width\":355,\"height\":355,\"caption\":\"F\u00f6rderverein\"},\"image\":{\"@id\":\"https:\\\/\\\/fv-evgruwi.org\\\/#\\\/schema\\\/logo\\\/image\\\/\"}},{\"@type\":\"Person\",\"@id\":\"https:\\\/\\\/fv-evgruwi.org\\\/#\\\/schema\\\/person\\\/a5f04d777f7e263a9cd0da0f31a581b0\",\"name\":\"Benjamin\",\"image\":{\"@type\":\"ImageObject\",\"inLanguage\":\"de\",\"@id\":\"https:\\\/\\\/secure.gravatar.com\\\/avatar\\\/3f25e526b80cae70d6f2caba909419fb2177d6b85e870c2d7687968191f1dd8a?s=96&d=mm&r=g\",\"url\":\"https:\\\/\\\/secure.gravatar.com\\\/avatar\\\/3f25e526b80cae70d6f2caba909419fb2177d6b85e870c2d7687968191f1dd8a?s=96&d=mm&r=g\",\"contentUrl\":\"https:\\\/\\\/secure.gravatar.com\\\/avatar\\\/3f25e526b80cae70d6f2caba909419fb2177d6b85e870c2d7687968191f1dd8a?s=96&d=mm&r=g\",\"caption\":\"Benjamin\"},\"url\":\"https:\\\/\\\/fv-evgruwi.org\\\/index.php\\\/author\\\/benjamin\\\/\"}]}<\/script>\n<!-- \/ Yoast SEO plugin. -->","yoast_head_json":{"title":"Neues Vorstandsmitglied im FV - F\u00f6rderverein","robots":{"index":"index","follow":"follow","max-snippet":"max-snippet:-1","max-image-preview":"max-image-preview:large","max-video-preview":"max-video-preview:-1"},"canonical":"https:\/\/fv-evgruwi.org\/index.php\/2023\/05\/01\/neues-vorstandsmitglied-im-fv\/","og_locale":"de_DE","og_type":"article","og_title":"Neues Vorstandsmitglied im FV - F\u00f6rderverein","og_description":"Der F\u00f6rderverein der EvGruWi hat einen neuen Vorstand. Lars T\u00f6pfer ist als neuer Schatzmeister gew\u00e4hlt worden. Marlen Grasmugg und Susana Onnasch da Cunha bleiben dem F\u00f6rderverein erhalten. Utz G\u00f6hring bleibt bis zum Ende der Amts\u00fcbergabe begleitend im Vorstand. &#8222;Mein Name ist Lars T\u00f6pfer. Ich bin Vater von 3 Kindern. Mein Gro\u00dfer ist aktuell bei den...","og_url":"https:\/\/fv-evgruwi.org\/index.php\/2023\/05\/01\/neues-vorstandsmitglied-im-fv\/","og_site_name":"F\u00f6rderverein","article_published_time":"2023-05-01T08:03:27+00:00","article_modified_time":"2026-01-26T09:20:28+00:00","og_image":[{"width":1920,"height":1280,"url":"https:\/\/fv-evgruwi.org\/wp-content\/uploads\/2022\/04\/who.jpg","type":"image\/jpeg"}],"author":"Benjamin","twitter_card":"summary_large_image","twitter_misc":{"Verfasst von":"Benjamin","Gesch\u00e4tzte Lesezeit":"1\u00a0Minute"},"schema":{"@context":"https:\/\/schema.org","@graph":[{"@type":"Article","@id":"https:\/\/fv-evgruwi.org\/index.php\/2023\/05\/01\/neues-vorstandsmitglied-im-fv\/#article","isPartOf":{"@id":"https:\/\/fv-evgruwi.org\/index.php\/2023\/05\/01\/neues-vorstandsmitglied-im-fv\/"},"author":{"name":"Benjamin","@id":"https:\/\/fv-evgruwi.org\/#\/schema\/person\/a5f04d777f7e263a9cd0da0f31a581b0"},"headline":"Neues Vorstandsmitglied im FV","datePublished":"2023-05-01T08:03:27+00:00","dateModified":"2026-01-26T09:20:28+00:00","mainEntityOfPage":{"@id":"https:\/\/fv-evgruwi.org\/index.php\/2023\/05\/01\/neues-vorstandsmitglied-im-fv\/"},"wordCount":145,"publisher":{"@id":"https:\/\/fv-evgruwi.org\/#organization"},"image":{"@id":"https:\/\/fv-evgruwi.org\/index.php\/2023\/05\/01\/neues-vorstandsmitglied-im-fv\/#primaryimage"},"thumbnailUrl":"https:\/\/fv-evgruwi.org\/wp-content\/uploads\/2022\/04\/who.jpg","articleSection":["Verein"],"inLanguage":"de"},{"@type":"WebPage","@id":"https:\/\/fv-evgruwi.org\/index.php\/2023\/05\/01\/neues-vorstandsmitglied-im-fv\/","url":"https:\/\/fv-evgruwi.org\/index.php\/2023\/05\/01\/neues-vorstandsmitglied-im-fv\/","name":"Neues Vorstandsmitglied im FV - F\u00f6rderverein","isPartOf":{"@id":"https:\/\/fv-evgruwi.org\/#website"},"primaryImageOfPage":{"@id":"https:\/\/fv-evgruwi.org\/index.php\/2023\/05\/01\/neues-vorstandsmitglied-im-fv\/#primaryimage"},"image":{"@id":"https:\/\/fv-evgruwi.org\/index.php\/2023\/05\/01\/neues-vorstandsmitglied-im-fv\/#primaryimage"},"thumbnailUrl":"https:\/\/fv-evgruwi.org\/wp-content\/uploads\/2022\/04\/who.jpg","datePublished":"2023-05-01T08:03:27+00:00","dateModified":"2026-01-26T09:20:28+00:00","breadcrumb":{"@id":"https:\/\/fv-evgruwi.org\/index.php\/2023\/05\/01\/neues-vorstandsmitglied-im-fv\/#breadcrumb"},"inLanguage":"de","potentialAction":[{"@type":"ReadAction","target":["https:\/\/fv-evgruwi.org\/index.php\/2023\/05\/01\/neues-vorstandsmitglied-im-fv\/"]}]},{"@type":"ImageObject","inLanguage":"de","@id":"https:\/\/fv-evgruwi.org\/index.php\/2023\/05\/01\/neues-vorstandsmitglied-im-fv\/#primaryimage","url":"https:\/\/fv-evgruwi.org\/wp-content\/uploads\/2022\/04\/who.jpg","contentUrl":"https:\/\/fv-evgruwi.org\/wp-content\/uploads\/2022\/04\/who.jpg","width":1920,"height":1280},{"@type":"BreadcrumbList","@id":"https:\/\/fv-evgruwi.org\/index.php\/2023\/05\/01\/neues-vorstandsmitglied-im-fv\/#breadcrumb","itemListElement":[{"@type":"ListItem","position":1,"name":"Home","item":"https:\/\/fv-evgruwi.org\/"},{"@type":"ListItem","position":2,"name":"Neues Vorstandsmitglied im FV"}]},{"@type":"WebSite","@id":"https:\/\/fv-evgruwi.org\/#website","url":"https:\/\/fv-evgruwi.org\/","name":"F\u00f6rderverein","description":"Ev. Grundschule Wilmersdorf","publisher":{"@id":"https:\/\/fv-evgruwi.org\/#organization"},"potentialAction":[{"@type":"SearchAction","target":{"@type":"EntryPoint","urlTemplate":"https:\/\/fv-evgruwi.org\/?s={search_term_string}"},"query-input":{"@type":"PropertyValueSpecification","valueRequired":true,"valueName":"search_term_string"}}],"inLanguage":"de"},{"@type":"Organization","@id":"https:\/\/fv-evgruwi.org\/#organization","name":"F\u00f6rderverein","url":"https:\/\/fv-evgruwi.org\/","logo":{"@type":"ImageObject","inLanguage":"de","@id":"https:\/\/fv-evgruwi.org\/#\/schema\/logo\/image\/","url":"https:\/\/fv-evgruwi.org\/wp-content\/uploads\/2024\/03\/evgruwiFV-g.png","contentUrl":"https:\/\/fv-evgruwi.org\/wp-content\/uploads\/2024\/03\/evgruwiFV-g.png","width":355,"height":355,"caption":"F\u00f6rderverein"},"image":{"@id":"https:\/\/fv-evgruwi.org\/#\/schema\/logo\/image\/"}},{"@type":"Person","@id":"https:\/\/fv-evgruwi.org\/#\/schema\/person\/a5f04d777f7e263a9cd0da0f31a581b0","name":"Benjamin","image":{"@type":"ImageObject","inLanguage":"de","@id":"https:\/\/secure.gravatar.com\/avatar\/3f25e526b80cae70d6f2caba909419fb2177d6b85e870c2d7687968191f1dd8a?s=96&d=mm&r=g","url":"https:\/\/secure.gravatar.com\/avatar\/3f25e526b80cae70d6f2caba909419fb2177d6b85e870c2d7687968191f1dd8a?s=96&d=mm&r=g","contentUrl":"https:\/\/secure.gravatar.com\/avatar\/3f25e526b80cae70d6f2caba909419fb2177d6b85e870c2d7687968191f1dd8a?s=96&d=mm&r=g","caption":"Benjamin"},"url":"https:\/\/fv-evgruwi.org\/index.php\/author\/benjamin\/"}]}},"_links":{"self":[{"href":"https:\/\/fv-evgruwi.org\/index.php\/wp-json\/wp\/v2\/posts\/4825","targetHints":{"allow":["GET"]}}],"collection":[{"href":"https:\/\/fv-evgruwi.org\/index.php\/wp-json\/wp\/v2\/posts"}],"about":[{"href":"https:\/\/fv-evgruwi.org\/index.php\/wp-json\/wp\/v2\/types\/post"}],"author":[{"embeddable":true,"href":"https:\/\/fv-evgruwi.org\/index.php\/wp-json\/wp\/v2\/users\/2"}],"replies":[{"embeddable":true,"href":"https:\/\/fv-evgruwi.org\/index.php\/wp-json\/wp\/v2\/comments?post=4825"}],"version-history":[{"count":2,"href":"https:\/\/fv-evgruwi.org\/index.php\/wp-json\/wp\/v2\/posts\/4825\/revisions"}],"predecessor-version":[{"id":6149,"href":"https:\/\/fv-evgruwi.org\/index.php\/wp-json\/wp\/v2\/posts\/4825\/revisions\/6149"}],"wp:featuredmedia":[{"embeddable":true,"href":"https:\/\/fv-evgruwi.org\/index.php\/wp-json\/wp\/v2\/media\/2859"}],"wp:attachment":[{"href":"https:\/\/fv-evgruwi.org\/index.php\/wp-json\/wp\/v2\/media?parent=4825"}],"wp:term":[{"taxonomy":"category","embeddable":true,"href":"https:\/\/fv-evgruwi.org\/index.php\/wp-json\/wp\/v2\/categories?post=4825"},{"taxonomy":"post_tag","embeddable":true,"href":"https:\/\/fv-evgruwi.org\/index.php\/wp-json\/wp\/v2\/tags?post=4825"}],"curies":[{"name":"wp","href":"https:\/\/api.w.org\/{rel}","templated":true}]}}