{"id":4736,"date":"2023-04-19T21:17:52","date_gmt":"2023-04-19T19:17:52","guid":{"rendered":"https:\/\/www.evgruwi.de\/?p=4736"},"modified":"2026-01-26T10:20:28","modified_gmt":"2026-01-26T09:20:28","slug":"fv-mitgliederversammlung","status":"publish","type":"post","link":"https:\/\/fv-evgruwi.org\/index.php\/2023\/04\/19\/fv-mitgliederversammlung\/","title":{"rendered":"Mitgliederversammlung"},"content":{"rendered":"\n<h2 class=\"wp-block-heading\">Einladung zur ordentlichen Mitgliederversammlung des F\u00f6rdervereins.<\/h2>\n\n\n\n<p><strong>Am Donnerstag, 20. April 2023 um: 19.00 Uhr in der Mensa<\/strong><\/p>\n\n\n\n<p>Liebe Mitglieder,<br>hiermit laden wir Sie herzlich zur oben genannten Mitgliederversammlung ein.<\/p>\n\n\n\n<p><strong>Tagesordnung:<\/strong><\/p>\n\n\n\n<ol class=\"wp-block-list\">\n<li>Begr\u00fc\u00dfung der Anwesenden, Feststellung der Beschlussf\u00e4higkeit, Festlegung der Protokollf\u00fchrung<\/li>\n\n\n\n<li>Beschlussfassung \u00fcber Tagesordnung<\/li>\n\n\n\n<li>Bericht des Vorstandes (einschlie\u00dflich Kassenbericht 2021 und2022)<\/li>\n\n\n\n<li>Diskussion und Genehmigung des Jahresberichts,Entlastung des Vorstandes<\/li>\n\n\n\n<li>Wahl des Schatzmeisters und des Kassenpr\u00fcfers<\/li>\n<\/ol>\n\n\n\n<p>Wir hoffen auf eine zahlreiche Teilnahme und freuen uns darauf, auch &#8222;neue&#8220; Eltern an der Schule pers\u00f6nlich kennenzulernen. F\u00fcr etwaige Antr\u00e4ge zur Tagesordnung bitten wir die nachstehenden allgemeinen Hinweise zu beachten.<\/p>\n\n\n\n<p><p style=\"font-size: 0.8em\">Allgemeine Hinweise:<br>Antr\u00e4ge zur Tagesordnung sind mindestens eine Woche vor der Mitgliederversammlung schriftlich beim Vorstand einzureichen (\u00a7 8 Abs. 2 der Satzung). Die satzungsgem\u00e4\u00df einberufene Mitgliederversammlung ist nach \u00a7 8 Abs. 4 der im Mai 2014 ge\u00e4nderten Satzung jederzeit beschlussf\u00e4hig. Sie beschlie\u00dft \u00fcber Antr\u00e4ge mit einfacher Mehrheit der Anwesenden. Jedes ordentliche Mitglied hat eine Stimme. Zur Aus\u00fcbung des Stimmrechts kann ein Mitglied ein anderes vollj\u00e4hriges Familienmitglied oder ein anderes Mitglied des Vereins schriftlich bevollm\u00e4chtigen. Ein Mitglied darf aber nicht mehr als zwei fremde Stimmen vertreten. F\u00f6rdermitglieder sind nicht stimmberechtigt (\u00a7 8 Abs. 6 der Satzung).<\/p><\/p>\n\n\n\n<p>F\u00fcr R\u00fcckfragen stehen wir jederzeit gerne zur Verf\u00fcgung.<\/p>\n\n\n\n<p>Mit freundlichen Gr\u00fc\u00dfen<\/p>\n\n\n\n<p>Susana Onnasch da Cunha, Marlen Grasmugg und Utz G\u00f6hring<\/p>\n","protected":false},"excerpt":{"rendered":"<p>Einladung zur ordentlichen Mitgliederversammlung des F\u00f6rdervereins. Am Donnerstag, 20. April 2023 um: 19.00 Uhr in der Mensa Liebe Mitglieder,hiermit laden wir Sie herzlich zur oben genannten Mitgliederversammlung ein. Tagesordnung: Wir hoffen auf eine zahlreiche Teilnahme und freuen uns darauf, auch &#8222;neue&#8220; Eltern an der Schule pers\u00f6nlich kennenzulernen. F\u00fcr etwaige Antr\u00e4ge zur Tagesordnung bitten wir die&#8230;<\/p>\n","protected":false},"author":2,"featured_media":128,"comment_status":"closed","ping_status":"open","sticky":false,"template":"","format":"standard","meta":{"_kad_post_transparent":"","_kad_post_title":"","_kad_post_layout":"","_kad_post_sidebar_id":"","_kad_post_content_style":"","_kad_post_vertical_padding":"","_kad_post_feature":"","_kad_post_feature_position":"","_kad_post_header":false,"_kad_post_footer":false,"_kad_post_classname":"","footnotes":"","_links_to":"","_links_to_target":""},"categories":[21],"tags":[],"class_list":["post-4736","post","type-post","status-publish","format-standard","has-post-thumbnail","hentry","category-verein"],"yoast_head":"<!-- This site is optimized with the Yoast SEO plugin v27.4 - https:\/\/yoast.com\/product\/yoast-seo-wordpress\/ -->\n<title>Mitgliederversammlung - F\u00f6rderverein<\/title>\n<meta name=\"robots\" content=\"index, follow, max-snippet:-1, max-image-preview:large, max-video-preview:-1\" \/>\n<link rel=\"canonical\" href=\"https:\/\/fv-evgruwi.org\/index.php\/2023\/04\/19\/fv-mitgliederversammlung\/\" \/>\n<meta property=\"og:locale\" content=\"de_DE\" \/>\n<meta property=\"og:type\" content=\"article\" \/>\n<meta property=\"og:title\" content=\"Mitgliederversammlung - F\u00f6rderverein\" \/>\n<meta property=\"og:description\" content=\"Einladung zur ordentlichen Mitgliederversammlung des F\u00f6rdervereins. Am Donnerstag, 20. April 2023 um: 19.00 Uhr in der Mensa Liebe Mitglieder,hiermit laden wir Sie herzlich zur oben genannten Mitgliederversammlung ein. Tagesordnung: Wir hoffen auf eine zahlreiche Teilnahme und freuen uns darauf, auch &#8222;neue&#8220; Eltern an der Schule pers\u00f6nlich kennenzulernen. F\u00fcr etwaige Antr\u00e4ge zur Tagesordnung bitten wir die...\" \/>\n<meta property=\"og:url\" content=\"https:\/\/fv-evgruwi.org\/index.php\/2023\/04\/19\/fv-mitgliederversammlung\/\" \/>\n<meta property=\"og:site_name\" content=\"F\u00f6rderverein\" \/>\n<meta property=\"article:published_time\" content=\"2023-04-19T19:17:52+00:00\" \/>\n<meta property=\"article:modified_time\" content=\"2026-01-26T09:20:28+00:00\" \/>\n<meta property=\"og:image\" content=\"https:\/\/fv-evgruwi.org\/wp-content\/uploads\/2024\/01\/FV_mitgliederversammlung-768x512-1.png\" \/>\n\t<meta property=\"og:image:width\" content=\"768\" \/>\n\t<meta property=\"og:image:height\" content=\"512\" \/>\n\t<meta property=\"og:image:type\" content=\"image\/png\" \/>\n<meta name=\"author\" content=\"Benjamin\" \/>\n<meta name=\"twitter:card\" content=\"summary_large_image\" \/>\n<meta name=\"twitter:label1\" content=\"Verfasst von\" \/>\n\t<meta name=\"twitter:data1\" content=\"Benjamin\" \/>\n\t<meta name=\"twitter:label2\" content=\"Gesch\u00e4tzte Lesezeit\" \/>\n\t<meta name=\"twitter:data2\" content=\"2\u00a0Minuten\" \/>\n<script type=\"application\/ld+json\" class=\"yoast-schema-graph\">{\"@context\":\"https:\\\/\\\/schema.org\",\"@graph\":[{\"@type\":\"Article\",\"@id\":\"https:\\\/\\\/fv-evgruwi.org\\\/index.php\\\/2023\\\/04\\\/19\\\/fv-mitgliederversammlung\\\/#article\",\"isPartOf\":{\"@id\":\"https:\\\/\\\/fv-evgruwi.org\\\/index.php\\\/2023\\\/04\\\/19\\\/fv-mitgliederversammlung\\\/\"},\"author\":{\"name\":\"Benjamin\",\"@id\":\"https:\\\/\\\/fv-evgruwi.org\\\/#\\\/schema\\\/person\\\/a5f04d777f7e263a9cd0da0f31a581b0\"},\"headline\":\"Mitgliederversammlung\",\"datePublished\":\"2023-04-19T19:17:52+00:00\",\"dateModified\":\"2026-01-26T09:20:28+00:00\",\"mainEntityOfPage\":{\"@id\":\"https:\\\/\\\/fv-evgruwi.org\\\/index.php\\\/2023\\\/04\\\/19\\\/fv-mitgliederversammlung\\\/\"},\"wordCount\":219,\"publisher\":{\"@id\":\"https:\\\/\\\/fv-evgruwi.org\\\/#organization\"},\"image\":{\"@id\":\"https:\\\/\\\/fv-evgruwi.org\\\/index.php\\\/2023\\\/04\\\/19\\\/fv-mitgliederversammlung\\\/#primaryimage\"},\"thumbnailUrl\":\"https:\\\/\\\/fv-evgruwi.org\\\/wp-content\\\/uploads\\\/2024\\\/01\\\/FV_mitgliederversammlung-768x512-1.png\",\"articleSection\":[\"Verein\"],\"inLanguage\":\"de\"},{\"@type\":\"WebPage\",\"@id\":\"https:\\\/\\\/fv-evgruwi.org\\\/index.php\\\/2023\\\/04\\\/19\\\/fv-mitgliederversammlung\\\/\",\"url\":\"https:\\\/\\\/fv-evgruwi.org\\\/index.php\\\/2023\\\/04\\\/19\\\/fv-mitgliederversammlung\\\/\",\"name\":\"Mitgliederversammlung - F\u00f6rderverein\",\"isPartOf\":{\"@id\":\"https:\\\/\\\/fv-evgruwi.org\\\/#website\"},\"primaryImageOfPage\":{\"@id\":\"https:\\\/\\\/fv-evgruwi.org\\\/index.php\\\/2023\\\/04\\\/19\\\/fv-mitgliederversammlung\\\/#primaryimage\"},\"image\":{\"@id\":\"https:\\\/\\\/fv-evgruwi.org\\\/index.php\\\/2023\\\/04\\\/19\\\/fv-mitgliederversammlung\\\/#primaryimage\"},\"thumbnailUrl\":\"https:\\\/\\\/fv-evgruwi.org\\\/wp-content\\\/uploads\\\/2024\\\/01\\\/FV_mitgliederversammlung-768x512-1.png\",\"datePublished\":\"2023-04-19T19:17:52+00:00\",\"dateModified\":\"2026-01-26T09:20:28+00:00\",\"breadcrumb\":{\"@id\":\"https:\\\/\\\/fv-evgruwi.org\\\/index.php\\\/2023\\\/04\\\/19\\\/fv-mitgliederversammlung\\\/#breadcrumb\"},\"inLanguage\":\"de\",\"potentialAction\":[{\"@type\":\"ReadAction\",\"target\":[\"https:\\\/\\\/fv-evgruwi.org\\\/index.php\\\/2023\\\/04\\\/19\\\/fv-mitgliederversammlung\\\/\"]}]},{\"@type\":\"ImageObject\",\"inLanguage\":\"de\",\"@id\":\"https:\\\/\\\/fv-evgruwi.org\\\/index.php\\\/2023\\\/04\\\/19\\\/fv-mitgliederversammlung\\\/#primaryimage\",\"url\":\"https:\\\/\\\/fv-evgruwi.org\\\/wp-content\\\/uploads\\\/2024\\\/01\\\/FV_mitgliederversammlung-768x512-1.png\",\"contentUrl\":\"https:\\\/\\\/fv-evgruwi.org\\\/wp-content\\\/uploads\\\/2024\\\/01\\\/FV_mitgliederversammlung-768x512-1.png\",\"width\":768,\"height\":512},{\"@type\":\"BreadcrumbList\",\"@id\":\"https:\\\/\\\/fv-evgruwi.org\\\/index.php\\\/2023\\\/04\\\/19\\\/fv-mitgliederversammlung\\\/#breadcrumb\",\"itemListElement\":[{\"@type\":\"ListItem\",\"position\":1,\"name\":\"Home\",\"item\":\"https:\\\/\\\/fv-evgruwi.org\\\/\"},{\"@type\":\"ListItem\",\"position\":2,\"name\":\"Mitgliederversammlung\"}]},{\"@type\":\"WebSite\",\"@id\":\"https:\\\/\\\/fv-evgruwi.org\\\/#website\",\"url\":\"https:\\\/\\\/fv-evgruwi.org\\\/\",\"name\":\"F\u00f6rderverein\",\"description\":\"Ev. Grundschule Wilmersdorf\",\"publisher\":{\"@id\":\"https:\\\/\\\/fv-evgruwi.org\\\/#organization\"},\"potentialAction\":[{\"@type\":\"SearchAction\",\"target\":{\"@type\":\"EntryPoint\",\"urlTemplate\":\"https:\\\/\\\/fv-evgruwi.org\\\/?s={search_term_string}\"},\"query-input\":{\"@type\":\"PropertyValueSpecification\",\"valueRequired\":true,\"valueName\":\"search_term_string\"}}],\"inLanguage\":\"de\"},{\"@type\":\"Organization\",\"@id\":\"https:\\\/\\\/fv-evgruwi.org\\\/#organization\",\"name\":\"F\u00f6rderverein\",\"url\":\"https:\\\/\\\/fv-evgruwi.org\\\/\",\"logo\":{\"@type\":\"ImageObject\",\"inLanguage\":\"de\",\"@id\":\"https:\\\/\\\/fv-evgruwi.org\\\/#\\\/schema\\\/logo\\\/image\\\/\",\"url\":\"https:\\\/\\\/fv-evgruwi.org\\\/wp-content\\\/uploads\\\/2024\\\/03\\\/evgruwiFV-g.png\",\"contentUrl\":\"https:\\\/\\\/fv-evgruwi.org\\\/wp-content\\\/uploads\\\/2024\\\/03\\\/evgruwiFV-g.png\",\"width\":355,\"height\":355,\"caption\":\"F\u00f6rderverein\"},\"image\":{\"@id\":\"https:\\\/\\\/fv-evgruwi.org\\\/#\\\/schema\\\/logo\\\/image\\\/\"}},{\"@type\":\"Person\",\"@id\":\"https:\\\/\\\/fv-evgruwi.org\\\/#\\\/schema\\\/person\\\/a5f04d777f7e263a9cd0da0f31a581b0\",\"name\":\"Benjamin\",\"image\":{\"@type\":\"ImageObject\",\"inLanguage\":\"de\",\"@id\":\"https:\\\/\\\/secure.gravatar.com\\\/avatar\\\/3f25e526b80cae70d6f2caba909419fb2177d6b85e870c2d7687968191f1dd8a?s=96&d=mm&r=g\",\"url\":\"https:\\\/\\\/secure.gravatar.com\\\/avatar\\\/3f25e526b80cae70d6f2caba909419fb2177d6b85e870c2d7687968191f1dd8a?s=96&d=mm&r=g\",\"contentUrl\":\"https:\\\/\\\/secure.gravatar.com\\\/avatar\\\/3f25e526b80cae70d6f2caba909419fb2177d6b85e870c2d7687968191f1dd8a?s=96&d=mm&r=g\",\"caption\":\"Benjamin\"},\"url\":\"https:\\\/\\\/fv-evgruwi.org\\\/index.php\\\/author\\\/benjamin\\\/\"}]}<\/script>\n<!-- \/ Yoast SEO plugin. -->","yoast_head_json":{"title":"Mitgliederversammlung - F\u00f6rderverein","robots":{"index":"index","follow":"follow","max-snippet":"max-snippet:-1","max-image-preview":"max-image-preview:large","max-video-preview":"max-video-preview:-1"},"canonical":"https:\/\/fv-evgruwi.org\/index.php\/2023\/04\/19\/fv-mitgliederversammlung\/","og_locale":"de_DE","og_type":"article","og_title":"Mitgliederversammlung - F\u00f6rderverein","og_description":"Einladung zur ordentlichen Mitgliederversammlung des F\u00f6rdervereins. Am Donnerstag, 20. April 2023 um: 19.00 Uhr in der Mensa Liebe Mitglieder,hiermit laden wir Sie herzlich zur oben genannten Mitgliederversammlung ein. Tagesordnung: Wir hoffen auf eine zahlreiche Teilnahme und freuen uns darauf, auch &#8222;neue&#8220; Eltern an der Schule pers\u00f6nlich kennenzulernen. F\u00fcr etwaige Antr\u00e4ge zur Tagesordnung bitten wir die...","og_url":"https:\/\/fv-evgruwi.org\/index.php\/2023\/04\/19\/fv-mitgliederversammlung\/","og_site_name":"F\u00f6rderverein","article_published_time":"2023-04-19T19:17:52+00:00","article_modified_time":"2026-01-26T09:20:28+00:00","og_image":[{"width":768,"height":512,"url":"https:\/\/fv-evgruwi.org\/wp-content\/uploads\/2024\/01\/FV_mitgliederversammlung-768x512-1.png","type":"image\/png"}],"author":"Benjamin","twitter_card":"summary_large_image","twitter_misc":{"Verfasst von":"Benjamin","Gesch\u00e4tzte Lesezeit":"2\u00a0Minuten"},"schema":{"@context":"https:\/\/schema.org","@graph":[{"@type":"Article","@id":"https:\/\/fv-evgruwi.org\/index.php\/2023\/04\/19\/fv-mitgliederversammlung\/#article","isPartOf":{"@id":"https:\/\/fv-evgruwi.org\/index.php\/2023\/04\/19\/fv-mitgliederversammlung\/"},"author":{"name":"Benjamin","@id":"https:\/\/fv-evgruwi.org\/#\/schema\/person\/a5f04d777f7e263a9cd0da0f31a581b0"},"headline":"Mitgliederversammlung","datePublished":"2023-04-19T19:17:52+00:00","dateModified":"2026-01-26T09:20:28+00:00","mainEntityOfPage":{"@id":"https:\/\/fv-evgruwi.org\/index.php\/2023\/04\/19\/fv-mitgliederversammlung\/"},"wordCount":219,"publisher":{"@id":"https:\/\/fv-evgruwi.org\/#organization"},"image":{"@id":"https:\/\/fv-evgruwi.org\/index.php\/2023\/04\/19\/fv-mitgliederversammlung\/#primaryimage"},"thumbnailUrl":"https:\/\/fv-evgruwi.org\/wp-content\/uploads\/2024\/01\/FV_mitgliederversammlung-768x512-1.png","articleSection":["Verein"],"inLanguage":"de"},{"@type":"WebPage","@id":"https:\/\/fv-evgruwi.org\/index.php\/2023\/04\/19\/fv-mitgliederversammlung\/","url":"https:\/\/fv-evgruwi.org\/index.php\/2023\/04\/19\/fv-mitgliederversammlung\/","name":"Mitgliederversammlung - F\u00f6rderverein","isPartOf":{"@id":"https:\/\/fv-evgruwi.org\/#website"},"primaryImageOfPage":{"@id":"https:\/\/fv-evgruwi.org\/index.php\/2023\/04\/19\/fv-mitgliederversammlung\/#primaryimage"},"image":{"@id":"https:\/\/fv-evgruwi.org\/index.php\/2023\/04\/19\/fv-mitgliederversammlung\/#primaryimage"},"thumbnailUrl":"https:\/\/fv-evgruwi.org\/wp-content\/uploads\/2024\/01\/FV_mitgliederversammlung-768x512-1.png","datePublished":"2023-04-19T19:17:52+00:00","dateModified":"2026-01-26T09:20:28+00:00","breadcrumb":{"@id":"https:\/\/fv-evgruwi.org\/index.php\/2023\/04\/19\/fv-mitgliederversammlung\/#breadcrumb"},"inLanguage":"de","potentialAction":[{"@type":"ReadAction","target":["https:\/\/fv-evgruwi.org\/index.php\/2023\/04\/19\/fv-mitgliederversammlung\/"]}]},{"@type":"ImageObject","inLanguage":"de","@id":"https:\/\/fv-evgruwi.org\/index.php\/2023\/04\/19\/fv-mitgliederversammlung\/#primaryimage","url":"https:\/\/fv-evgruwi.org\/wp-content\/uploads\/2024\/01\/FV_mitgliederversammlung-768x512-1.png","contentUrl":"https:\/\/fv-evgruwi.org\/wp-content\/uploads\/2024\/01\/FV_mitgliederversammlung-768x512-1.png","width":768,"height":512},{"@type":"BreadcrumbList","@id":"https:\/\/fv-evgruwi.org\/index.php\/2023\/04\/19\/fv-mitgliederversammlung\/#breadcrumb","itemListElement":[{"@type":"ListItem","position":1,"name":"Home","item":"https:\/\/fv-evgruwi.org\/"},{"@type":"ListItem","position":2,"name":"Mitgliederversammlung"}]},{"@type":"WebSite","@id":"https:\/\/fv-evgruwi.org\/#website","url":"https:\/\/fv-evgruwi.org\/","name":"F\u00f6rderverein","description":"Ev. Grundschule Wilmersdorf","publisher":{"@id":"https:\/\/fv-evgruwi.org\/#organization"},"potentialAction":[{"@type":"SearchAction","target":{"@type":"EntryPoint","urlTemplate":"https:\/\/fv-evgruwi.org\/?s={search_term_string}"},"query-input":{"@type":"PropertyValueSpecification","valueRequired":true,"valueName":"search_term_string"}}],"inLanguage":"de"},{"@type":"Organization","@id":"https:\/\/fv-evgruwi.org\/#organization","name":"F\u00f6rderverein","url":"https:\/\/fv-evgruwi.org\/","logo":{"@type":"ImageObject","inLanguage":"de","@id":"https:\/\/fv-evgruwi.org\/#\/schema\/logo\/image\/","url":"https:\/\/fv-evgruwi.org\/wp-content\/uploads\/2024\/03\/evgruwiFV-g.png","contentUrl":"https:\/\/fv-evgruwi.org\/wp-content\/uploads\/2024\/03\/evgruwiFV-g.png","width":355,"height":355,"caption":"F\u00f6rderverein"},"image":{"@id":"https:\/\/fv-evgruwi.org\/#\/schema\/logo\/image\/"}},{"@type":"Person","@id":"https:\/\/fv-evgruwi.org\/#\/schema\/person\/a5f04d777f7e263a9cd0da0f31a581b0","name":"Benjamin","image":{"@type":"ImageObject","inLanguage":"de","@id":"https:\/\/secure.gravatar.com\/avatar\/3f25e526b80cae70d6f2caba909419fb2177d6b85e870c2d7687968191f1dd8a?s=96&d=mm&r=g","url":"https:\/\/secure.gravatar.com\/avatar\/3f25e526b80cae70d6f2caba909419fb2177d6b85e870c2d7687968191f1dd8a?s=96&d=mm&r=g","contentUrl":"https:\/\/secure.gravatar.com\/avatar\/3f25e526b80cae70d6f2caba909419fb2177d6b85e870c2d7687968191f1dd8a?s=96&d=mm&r=g","caption":"Benjamin"},"url":"https:\/\/fv-evgruwi.org\/index.php\/author\/benjamin\/"}]}},"_links":{"self":[{"href":"https:\/\/fv-evgruwi.org\/index.php\/wp-json\/wp\/v2\/posts\/4736","targetHints":{"allow":["GET"]}}],"collection":[{"href":"https:\/\/fv-evgruwi.org\/index.php\/wp-json\/wp\/v2\/posts"}],"about":[{"href":"https:\/\/fv-evgruwi.org\/index.php\/wp-json\/wp\/v2\/types\/post"}],"author":[{"embeddable":true,"href":"https:\/\/fv-evgruwi.org\/index.php\/wp-json\/wp\/v2\/users\/2"}],"replies":[{"embeddable":true,"href":"https:\/\/fv-evgruwi.org\/index.php\/wp-json\/wp\/v2\/comments?post=4736"}],"version-history":[{"count":2,"href":"https:\/\/fv-evgruwi.org\/index.php\/wp-json\/wp\/v2\/posts\/4736\/revisions"}],"predecessor-version":[{"id":6092,"href":"https:\/\/fv-evgruwi.org\/index.php\/wp-json\/wp\/v2\/posts\/4736\/revisions\/6092"}],"wp:featuredmedia":[{"embeddable":true,"href":"https:\/\/fv-evgruwi.org\/index.php\/wp-json\/wp\/v2\/media\/128"}],"wp:attachment":[{"href":"https:\/\/fv-evgruwi.org\/index.php\/wp-json\/wp\/v2\/media?parent=4736"}],"wp:term":[{"taxonomy":"category","embeddable":true,"href":"https:\/\/fv-evgruwi.org\/index.php\/wp-json\/wp\/v2\/categories?post=4736"},{"taxonomy":"post_tag","embeddable":true,"href":"https:\/\/fv-evgruwi.org\/index.php\/wp-json\/wp\/v2\/tags?post=4736"}],"curies":[{"name":"wp","href":"https:\/\/api.w.org\/{rel}","templated":true}]}}