{"id":2886,"date":"2021-12-17T16:11:00","date_gmt":"2021-12-17T15:11:00","guid":{"rendered":"https:\/\/www.evgruwi.de\/?p=2886"},"modified":"2026-01-26T10:20:43","modified_gmt":"2026-01-26T09:20:43","slug":"weihnachten-im-schuhkarton-2021","status":"publish","type":"post","link":"https:\/\/fv-evgruwi.org\/index.php\/2021\/12\/17\/weihnachten-im-schuhkarton-2021\/","title":{"rendered":"Weihnachten im Schuhkarton 2021"},"content":{"rendered":"<p><img loading=\"lazy\" decoding=\"async\" class=\" wp-image-2887 alignleft\" src=\"https:\/\/www.evgruwi.de\/wp-content\/uploads\/sites\/12\/2022\/04\/WeihnachtenimSchuhkarton.jpg-300x206.webp\" alt=\"\" width=\"357\" height=\"245\" srcset=\"https:\/\/fv-evgruwi.org\/wp-content\/uploads\/2022\/04\/WeihnachtenimSchuhkarton.jpg-300x206.webp 300w, https:\/\/fv-evgruwi.org\/wp-content\/uploads\/2022\/04\/WeihnachtenimSchuhkarton.jpg-1024x704.webp 1024w, https:\/\/fv-evgruwi.org\/wp-content\/uploads\/2022\/04\/WeihnachtenimSchuhkarton.jpg-768x528.webp 768w, https:\/\/fv-evgruwi.org\/wp-content\/uploads\/2022\/04\/WeihnachtenimSchuhkarton.jpg.webp 1036w\" sizes=\"auto, (max-width: 357px) 100vw, 357px\" \/><\/p>\n\n\n<p>Eine sch\u00f6ne Aktion f\u00fcr im Leben benachteiligte Kinder, die Weihnachten nicht mit vielen Geschenken verbinden. Sch\u00fcler der EvGruWi haben Schuhkartons mit Lehrerinnen und Eltern dekoriert und gef\u00fcllt.<\/p>\n\n\n\n<p>Der F\u00f6rderverein hat die Abgabe gemacht und das Porto \u00fcbernommen. Zusammen werden wir Kindern im Alter von 2 bis 14 Jahren eine weihnachtliche Freude machen und allen ein Frohes Fest w\u00fcnschen. <\/p>\n\n\n\n<p><a rel=\"noreferrer noopener\" href=\"http:\/\/www.weihnachten-im-schuhkarton.org\/\" target=\"_blank\">www.weihnachten-im-schuhkarton.org<\/a><\/p>\n\n\n\n<hr class=\"wp-block-separator has-text-color has-theme-palette-7-color has-css-opacity has-theme-palette-7-background-color has-background is-style-wide\"\/>\n","protected":false},"excerpt":{"rendered":"<p>Eine sch\u00f6ne Aktion f\u00fcr im Leben benachteiligte Kinder, die Weihnachten nicht mit vielen Geschenken verbinden. Sch\u00fcler der EvGruWi haben Schuhkartons mit Lehrerinnen und Eltern dekoriert und gef\u00fcllt. Der F\u00f6rderverein hat die Abgabe gemacht und das Porto \u00fcbernommen. Zusammen werden wir Kindern im Alter von 2 bis 14 Jahren eine weihnachtliche Freude machen und allen ein&#8230;<\/p>\n","protected":false},"author":2,"featured_media":2887,"comment_status":"closed","ping_status":"open","sticky":false,"template":"","format":"standard","meta":{"_kad_post_transparent":"","_kad_post_title":"","_kad_post_layout":"","_kad_post_sidebar_id":"","_kad_post_content_style":"","_kad_post_vertical_padding":"","_kad_post_feature":"","_kad_post_feature_position":"","_kad_post_header":false,"_kad_post_footer":false,"_kad_post_classname":"","footnotes":"","_links_to":"","_links_to_target":""},"categories":[6],"tags":[],"class_list":["post-2886","post","type-post","status-publish","format-standard","has-post-thumbnail","hentry","category-aktion"],"yoast_head":"<!-- This site is optimized with the Yoast SEO plugin v27.4 - https:\/\/yoast.com\/product\/yoast-seo-wordpress\/ -->\n<title>Weihnachten im Schuhkarton 2021 - F\u00f6rderverein<\/title>\n<meta name=\"robots\" content=\"index, follow, max-snippet:-1, max-image-preview:large, max-video-preview:-1\" \/>\n<link rel=\"canonical\" href=\"https:\/\/fv-evgruwi.org\/index.php\/2021\/12\/17\/weihnachten-im-schuhkarton-2021\/\" \/>\n<meta property=\"og:locale\" content=\"de_DE\" \/>\n<meta property=\"og:type\" content=\"article\" \/>\n<meta property=\"og:title\" content=\"Weihnachten im Schuhkarton 2021 - F\u00f6rderverein\" \/>\n<meta property=\"og:description\" content=\"Eine sch\u00f6ne Aktion f\u00fcr im Leben benachteiligte Kinder, die Weihnachten nicht mit vielen Geschenken verbinden. Sch\u00fcler der EvGruWi haben Schuhkartons mit Lehrerinnen und Eltern dekoriert und gef\u00fcllt. Der F\u00f6rderverein hat die Abgabe gemacht und das Porto \u00fcbernommen. Zusammen werden wir Kindern im Alter von 2 bis 14 Jahren eine weihnachtliche Freude machen und allen ein...\" \/>\n<meta property=\"og:url\" content=\"https:\/\/fv-evgruwi.org\/index.php\/2021\/12\/17\/weihnachten-im-schuhkarton-2021\/\" \/>\n<meta property=\"og:site_name\" content=\"F\u00f6rderverein\" \/>\n<meta property=\"article:published_time\" content=\"2021-12-17T15:11:00+00:00\" \/>\n<meta property=\"article:modified_time\" content=\"2026-01-26T09:20:43+00:00\" \/>\n<meta property=\"og:image\" content=\"https:\/\/fv-evgruwi.org\/wp-content\/uploads\/2022\/04\/WeihnachtenimSchuhkarton.jpg.webp\" \/>\n\t<meta property=\"og:image:width\" content=\"1036\" \/>\n\t<meta property=\"og:image:height\" content=\"712\" \/>\n\t<meta property=\"og:image:type\" content=\"image\/webp\" \/>\n<meta name=\"author\" content=\"Benjamin\" \/>\n<meta name=\"twitter:card\" content=\"summary_large_image\" \/>\n<meta name=\"twitter:label1\" content=\"Verfasst von\" \/>\n\t<meta name=\"twitter:data1\" content=\"Benjamin\" \/>\n\t<meta name=\"twitter:label2\" content=\"Gesch\u00e4tzte Lesezeit\" \/>\n\t<meta name=\"twitter:data2\" content=\"1\u00a0Minute\" \/>\n<script type=\"application\/ld+json\" class=\"yoast-schema-graph\">{\"@context\":\"https:\\\/\\\/schema.org\",\"@graph\":[{\"@type\":\"Article\",\"@id\":\"https:\\\/\\\/fv-evgruwi.org\\\/index.php\\\/2021\\\/12\\\/17\\\/weihnachten-im-schuhkarton-2021\\\/#article\",\"isPartOf\":{\"@id\":\"https:\\\/\\\/fv-evgruwi.org\\\/index.php\\\/2021\\\/12\\\/17\\\/weihnachten-im-schuhkarton-2021\\\/\"},\"author\":{\"name\":\"Benjamin\",\"@id\":\"https:\\\/\\\/fv-evgruwi.org\\\/#\\\/schema\\\/person\\\/a5f04d777f7e263a9cd0da0f31a581b0\"},\"headline\":\"Weihnachten im Schuhkarton 2021\",\"datePublished\":\"2021-12-17T15:11:00+00:00\",\"dateModified\":\"2026-01-26T09:20:43+00:00\",\"mainEntityOfPage\":{\"@id\":\"https:\\\/\\\/fv-evgruwi.org\\\/index.php\\\/2021\\\/12\\\/17\\\/weihnachten-im-schuhkarton-2021\\\/\"},\"wordCount\":68,\"publisher\":{\"@id\":\"https:\\\/\\\/fv-evgruwi.org\\\/#organization\"},\"image\":{\"@id\":\"https:\\\/\\\/fv-evgruwi.org\\\/index.php\\\/2021\\\/12\\\/17\\\/weihnachten-im-schuhkarton-2021\\\/#primaryimage\"},\"thumbnailUrl\":\"https:\\\/\\\/fv-evgruwi.org\\\/wp-content\\\/uploads\\\/2022\\\/04\\\/WeihnachtenimSchuhkarton.jpg.webp\",\"articleSection\":[\"Aktion\"],\"inLanguage\":\"de\"},{\"@type\":\"WebPage\",\"@id\":\"https:\\\/\\\/fv-evgruwi.org\\\/index.php\\\/2021\\\/12\\\/17\\\/weihnachten-im-schuhkarton-2021\\\/\",\"url\":\"https:\\\/\\\/fv-evgruwi.org\\\/index.php\\\/2021\\\/12\\\/17\\\/weihnachten-im-schuhkarton-2021\\\/\",\"name\":\"Weihnachten im Schuhkarton 2021 - F\u00f6rderverein\",\"isPartOf\":{\"@id\":\"https:\\\/\\\/fv-evgruwi.org\\\/#website\"},\"primaryImageOfPage\":{\"@id\":\"https:\\\/\\\/fv-evgruwi.org\\\/index.php\\\/2021\\\/12\\\/17\\\/weihnachten-im-schuhkarton-2021\\\/#primaryimage\"},\"image\":{\"@id\":\"https:\\\/\\\/fv-evgruwi.org\\\/index.php\\\/2021\\\/12\\\/17\\\/weihnachten-im-schuhkarton-2021\\\/#primaryimage\"},\"thumbnailUrl\":\"https:\\\/\\\/fv-evgruwi.org\\\/wp-content\\\/uploads\\\/2022\\\/04\\\/WeihnachtenimSchuhkarton.jpg.webp\",\"datePublished\":\"2021-12-17T15:11:00+00:00\",\"dateModified\":\"2026-01-26T09:20:43+00:00\",\"breadcrumb\":{\"@id\":\"https:\\\/\\\/fv-evgruwi.org\\\/index.php\\\/2021\\\/12\\\/17\\\/weihnachten-im-schuhkarton-2021\\\/#breadcrumb\"},\"inLanguage\":\"de\",\"potentialAction\":[{\"@type\":\"ReadAction\",\"target\":[\"https:\\\/\\\/fv-evgruwi.org\\\/index.php\\\/2021\\\/12\\\/17\\\/weihnachten-im-schuhkarton-2021\\\/\"]}]},{\"@type\":\"ImageObject\",\"inLanguage\":\"de\",\"@id\":\"https:\\\/\\\/fv-evgruwi.org\\\/index.php\\\/2021\\\/12\\\/17\\\/weihnachten-im-schuhkarton-2021\\\/#primaryimage\",\"url\":\"https:\\\/\\\/fv-evgruwi.org\\\/wp-content\\\/uploads\\\/2022\\\/04\\\/WeihnachtenimSchuhkarton.jpg.webp\",\"contentUrl\":\"https:\\\/\\\/fv-evgruwi.org\\\/wp-content\\\/uploads\\\/2022\\\/04\\\/WeihnachtenimSchuhkarton.jpg.webp\",\"width\":1036,\"height\":712},{\"@type\":\"BreadcrumbList\",\"@id\":\"https:\\\/\\\/fv-evgruwi.org\\\/index.php\\\/2021\\\/12\\\/17\\\/weihnachten-im-schuhkarton-2021\\\/#breadcrumb\",\"itemListElement\":[{\"@type\":\"ListItem\",\"position\":1,\"name\":\"Home\",\"item\":\"https:\\\/\\\/fv-evgruwi.org\\\/\"},{\"@type\":\"ListItem\",\"position\":2,\"name\":\"Weihnachten im Schuhkarton 2021\"}]},{\"@type\":\"WebSite\",\"@id\":\"https:\\\/\\\/fv-evgruwi.org\\\/#website\",\"url\":\"https:\\\/\\\/fv-evgruwi.org\\\/\",\"name\":\"F\u00f6rderverein\",\"description\":\"Ev. Grundschule Wilmersdorf\",\"publisher\":{\"@id\":\"https:\\\/\\\/fv-evgruwi.org\\\/#organization\"},\"potentialAction\":[{\"@type\":\"SearchAction\",\"target\":{\"@type\":\"EntryPoint\",\"urlTemplate\":\"https:\\\/\\\/fv-evgruwi.org\\\/?s={search_term_string}\"},\"query-input\":{\"@type\":\"PropertyValueSpecification\",\"valueRequired\":true,\"valueName\":\"search_term_string\"}}],\"inLanguage\":\"de\"},{\"@type\":\"Organization\",\"@id\":\"https:\\\/\\\/fv-evgruwi.org\\\/#organization\",\"name\":\"F\u00f6rderverein\",\"url\":\"https:\\\/\\\/fv-evgruwi.org\\\/\",\"logo\":{\"@type\":\"ImageObject\",\"inLanguage\":\"de\",\"@id\":\"https:\\\/\\\/fv-evgruwi.org\\\/#\\\/schema\\\/logo\\\/image\\\/\",\"url\":\"https:\\\/\\\/fv-evgruwi.org\\\/wp-content\\\/uploads\\\/2024\\\/03\\\/evgruwiFV-g.png\",\"contentUrl\":\"https:\\\/\\\/fv-evgruwi.org\\\/wp-content\\\/uploads\\\/2024\\\/03\\\/evgruwiFV-g.png\",\"width\":355,\"height\":355,\"caption\":\"F\u00f6rderverein\"},\"image\":{\"@id\":\"https:\\\/\\\/fv-evgruwi.org\\\/#\\\/schema\\\/logo\\\/image\\\/\"}},{\"@type\":\"Person\",\"@id\":\"https:\\\/\\\/fv-evgruwi.org\\\/#\\\/schema\\\/person\\\/a5f04d777f7e263a9cd0da0f31a581b0\",\"name\":\"Benjamin\",\"image\":{\"@type\":\"ImageObject\",\"inLanguage\":\"de\",\"@id\":\"https:\\\/\\\/secure.gravatar.com\\\/avatar\\\/3f25e526b80cae70d6f2caba909419fb2177d6b85e870c2d7687968191f1dd8a?s=96&d=mm&r=g\",\"url\":\"https:\\\/\\\/secure.gravatar.com\\\/avatar\\\/3f25e526b80cae70d6f2caba909419fb2177d6b85e870c2d7687968191f1dd8a?s=96&d=mm&r=g\",\"contentUrl\":\"https:\\\/\\\/secure.gravatar.com\\\/avatar\\\/3f25e526b80cae70d6f2caba909419fb2177d6b85e870c2d7687968191f1dd8a?s=96&d=mm&r=g\",\"caption\":\"Benjamin\"},\"url\":\"https:\\\/\\\/fv-evgruwi.org\\\/index.php\\\/author\\\/benjamin\\\/\"}]}<\/script>\n<!-- \/ Yoast SEO plugin. -->","yoast_head_json":{"title":"Weihnachten im Schuhkarton 2021 - F\u00f6rderverein","robots":{"index":"index","follow":"follow","max-snippet":"max-snippet:-1","max-image-preview":"max-image-preview:large","max-video-preview":"max-video-preview:-1"},"canonical":"https:\/\/fv-evgruwi.org\/index.php\/2021\/12\/17\/weihnachten-im-schuhkarton-2021\/","og_locale":"de_DE","og_type":"article","og_title":"Weihnachten im Schuhkarton 2021 - F\u00f6rderverein","og_description":"Eine sch\u00f6ne Aktion f\u00fcr im Leben benachteiligte Kinder, die Weihnachten nicht mit vielen Geschenken verbinden. Sch\u00fcler der EvGruWi haben Schuhkartons mit Lehrerinnen und Eltern dekoriert und gef\u00fcllt. Der F\u00f6rderverein hat die Abgabe gemacht und das Porto \u00fcbernommen. Zusammen werden wir Kindern im Alter von 2 bis 14 Jahren eine weihnachtliche Freude machen und allen ein...","og_url":"https:\/\/fv-evgruwi.org\/index.php\/2021\/12\/17\/weihnachten-im-schuhkarton-2021\/","og_site_name":"F\u00f6rderverein","article_published_time":"2021-12-17T15:11:00+00:00","article_modified_time":"2026-01-26T09:20:43+00:00","og_image":[{"width":1036,"height":712,"url":"https:\/\/fv-evgruwi.org\/wp-content\/uploads\/2022\/04\/WeihnachtenimSchuhkarton.jpg.webp","type":"image\/webp"}],"author":"Benjamin","twitter_card":"summary_large_image","twitter_misc":{"Verfasst von":"Benjamin","Gesch\u00e4tzte Lesezeit":"1\u00a0Minute"},"schema":{"@context":"https:\/\/schema.org","@graph":[{"@type":"Article","@id":"https:\/\/fv-evgruwi.org\/index.php\/2021\/12\/17\/weihnachten-im-schuhkarton-2021\/#article","isPartOf":{"@id":"https:\/\/fv-evgruwi.org\/index.php\/2021\/12\/17\/weihnachten-im-schuhkarton-2021\/"},"author":{"name":"Benjamin","@id":"https:\/\/fv-evgruwi.org\/#\/schema\/person\/a5f04d777f7e263a9cd0da0f31a581b0"},"headline":"Weihnachten im Schuhkarton 2021","datePublished":"2021-12-17T15:11:00+00:00","dateModified":"2026-01-26T09:20:43+00:00","mainEntityOfPage":{"@id":"https:\/\/fv-evgruwi.org\/index.php\/2021\/12\/17\/weihnachten-im-schuhkarton-2021\/"},"wordCount":68,"publisher":{"@id":"https:\/\/fv-evgruwi.org\/#organization"},"image":{"@id":"https:\/\/fv-evgruwi.org\/index.php\/2021\/12\/17\/weihnachten-im-schuhkarton-2021\/#primaryimage"},"thumbnailUrl":"https:\/\/fv-evgruwi.org\/wp-content\/uploads\/2022\/04\/WeihnachtenimSchuhkarton.jpg.webp","articleSection":["Aktion"],"inLanguage":"de"},{"@type":"WebPage","@id":"https:\/\/fv-evgruwi.org\/index.php\/2021\/12\/17\/weihnachten-im-schuhkarton-2021\/","url":"https:\/\/fv-evgruwi.org\/index.php\/2021\/12\/17\/weihnachten-im-schuhkarton-2021\/","name":"Weihnachten im Schuhkarton 2021 - F\u00f6rderverein","isPartOf":{"@id":"https:\/\/fv-evgruwi.org\/#website"},"primaryImageOfPage":{"@id":"https:\/\/fv-evgruwi.org\/index.php\/2021\/12\/17\/weihnachten-im-schuhkarton-2021\/#primaryimage"},"image":{"@id":"https:\/\/fv-evgruwi.org\/index.php\/2021\/12\/17\/weihnachten-im-schuhkarton-2021\/#primaryimage"},"thumbnailUrl":"https:\/\/fv-evgruwi.org\/wp-content\/uploads\/2022\/04\/WeihnachtenimSchuhkarton.jpg.webp","datePublished":"2021-12-17T15:11:00+00:00","dateModified":"2026-01-26T09:20:43+00:00","breadcrumb":{"@id":"https:\/\/fv-evgruwi.org\/index.php\/2021\/12\/17\/weihnachten-im-schuhkarton-2021\/#breadcrumb"},"inLanguage":"de","potentialAction":[{"@type":"ReadAction","target":["https:\/\/fv-evgruwi.org\/index.php\/2021\/12\/17\/weihnachten-im-schuhkarton-2021\/"]}]},{"@type":"ImageObject","inLanguage":"de","@id":"https:\/\/fv-evgruwi.org\/index.php\/2021\/12\/17\/weihnachten-im-schuhkarton-2021\/#primaryimage","url":"https:\/\/fv-evgruwi.org\/wp-content\/uploads\/2022\/04\/WeihnachtenimSchuhkarton.jpg.webp","contentUrl":"https:\/\/fv-evgruwi.org\/wp-content\/uploads\/2022\/04\/WeihnachtenimSchuhkarton.jpg.webp","width":1036,"height":712},{"@type":"BreadcrumbList","@id":"https:\/\/fv-evgruwi.org\/index.php\/2021\/12\/17\/weihnachten-im-schuhkarton-2021\/#breadcrumb","itemListElement":[{"@type":"ListItem","position":1,"name":"Home","item":"https:\/\/fv-evgruwi.org\/"},{"@type":"ListItem","position":2,"name":"Weihnachten im Schuhkarton 2021"}]},{"@type":"WebSite","@id":"https:\/\/fv-evgruwi.org\/#website","url":"https:\/\/fv-evgruwi.org\/","name":"F\u00f6rderverein","description":"Ev. Grundschule Wilmersdorf","publisher":{"@id":"https:\/\/fv-evgruwi.org\/#organization"},"potentialAction":[{"@type":"SearchAction","target":{"@type":"EntryPoint","urlTemplate":"https:\/\/fv-evgruwi.org\/?s={search_term_string}"},"query-input":{"@type":"PropertyValueSpecification","valueRequired":true,"valueName":"search_term_string"}}],"inLanguage":"de"},{"@type":"Organization","@id":"https:\/\/fv-evgruwi.org\/#organization","name":"F\u00f6rderverein","url":"https:\/\/fv-evgruwi.org\/","logo":{"@type":"ImageObject","inLanguage":"de","@id":"https:\/\/fv-evgruwi.org\/#\/schema\/logo\/image\/","url":"https:\/\/fv-evgruwi.org\/wp-content\/uploads\/2024\/03\/evgruwiFV-g.png","contentUrl":"https:\/\/fv-evgruwi.org\/wp-content\/uploads\/2024\/03\/evgruwiFV-g.png","width":355,"height":355,"caption":"F\u00f6rderverein"},"image":{"@id":"https:\/\/fv-evgruwi.org\/#\/schema\/logo\/image\/"}},{"@type":"Person","@id":"https:\/\/fv-evgruwi.org\/#\/schema\/person\/a5f04d777f7e263a9cd0da0f31a581b0","name":"Benjamin","image":{"@type":"ImageObject","inLanguage":"de","@id":"https:\/\/secure.gravatar.com\/avatar\/3f25e526b80cae70d6f2caba909419fb2177d6b85e870c2d7687968191f1dd8a?s=96&d=mm&r=g","url":"https:\/\/secure.gravatar.com\/avatar\/3f25e526b80cae70d6f2caba909419fb2177d6b85e870c2d7687968191f1dd8a?s=96&d=mm&r=g","contentUrl":"https:\/\/secure.gravatar.com\/avatar\/3f25e526b80cae70d6f2caba909419fb2177d6b85e870c2d7687968191f1dd8a?s=96&d=mm&r=g","caption":"Benjamin"},"url":"https:\/\/fv-evgruwi.org\/index.php\/author\/benjamin\/"}]}},"_links":{"self":[{"href":"https:\/\/fv-evgruwi.org\/index.php\/wp-json\/wp\/v2\/posts\/2886","targetHints":{"allow":["GET"]}}],"collection":[{"href":"https:\/\/fv-evgruwi.org\/index.php\/wp-json\/wp\/v2\/posts"}],"about":[{"href":"https:\/\/fv-evgruwi.org\/index.php\/wp-json\/wp\/v2\/types\/post"}],"author":[{"embeddable":true,"href":"https:\/\/fv-evgruwi.org\/index.php\/wp-json\/wp\/v2\/users\/2"}],"replies":[{"embeddable":true,"href":"https:\/\/fv-evgruwi.org\/index.php\/wp-json\/wp\/v2\/comments?post=2886"}],"version-history":[{"count":2,"href":"https:\/\/fv-evgruwi.org\/index.php\/wp-json\/wp\/v2\/posts\/2886\/revisions"}],"predecessor-version":[{"id":6167,"href":"https:\/\/fv-evgruwi.org\/index.php\/wp-json\/wp\/v2\/posts\/2886\/revisions\/6167"}],"wp:featuredmedia":[{"embeddable":true,"href":"https:\/\/fv-evgruwi.org\/index.php\/wp-json\/wp\/v2\/media\/2887"}],"wp:attachment":[{"href":"https:\/\/fv-evgruwi.org\/index.php\/wp-json\/wp\/v2\/media?parent=2886"}],"wp:term":[{"taxonomy":"category","embeddable":true,"href":"https:\/\/fv-evgruwi.org\/index.php\/wp-json\/wp\/v2\/categories?post=2886"},{"taxonomy":"post_tag","embeddable":true,"href":"https:\/\/fv-evgruwi.org\/index.php\/wp-json\/wp\/v2\/tags?post=2886"}],"curies":[{"name":"wp","href":"https:\/\/api.w.org\/{rel}","templated":true}]}}