{"id":2836,"date":"2022-02-01T13:32:00","date_gmt":"2022-02-01T12:32:00","guid":{"rendered":"https:\/\/www.evgruwi.de\/?p=2836"},"modified":"2026-01-26T10:20:43","modified_gmt":"2026-01-26T09:20:43","slug":"evgruwi-kalender-2022-erloes","status":"publish","type":"post","link":"https:\/\/fv-evgruwi.org\/index.php\/2022\/02\/01\/evgruwi-kalender-2022-erloes\/","title":{"rendered":"EvGruWi Kalender 2022 &#8211; Erl\u00f6s"},"content":{"rendered":"\n<p>Aus dem Verkaufserl\u00f6s des EvGruWi-Kalenders werden 2.000 Euro an die Berliner K\u00e4ltehilfe gespendet und 36 Decken f\u00fcr die Klassen besorgt.<\/p>\n\n\n\n<p><strong>Danke an alle, die mit ihrem Kauf des EvGruWi-Kalenders daf\u00fcr gespendet haben!<\/strong><\/p>\n\n\n\n<p>Es sind \u00fcber 150 Kalender verkauft worden, nur ein paar sind noch \u00fcbrig geblieben. Diese k\u00f6nnen Sie noch zu einem reduzierten Preis von 5 \u20ac erwerben.<br><br>Melden Sie sich gern direkt bei uns, wenn Sie noch einen Kalender erwerben m\u00f6chten:  <a href=\"mailto:info@fv-evgruwi.org\">info@fv-evgruwi.org<\/a><\/p>\n\n\n\n<figure class=\"wp-block-kadence-image kb-image_b570a3-59 size-large\"><img loading=\"lazy\" decoding=\"async\" width=\"1024\" height=\"768\" src=\"https:\/\/www.evgruwi.de\/wp-content\/uploads\/sites\/12\/2022\/04\/kalender2022-1024x768.png\" alt=\"\" class=\"kb-img wp-image-2881\" srcset=\"https:\/\/fv-evgruwi.org\/wp-content\/uploads\/2022\/04\/kalender2022-1024x768.png 1024w, https:\/\/fv-evgruwi.org\/wp-content\/uploads\/2022\/04\/kalender2022-300x225.png 300w, https:\/\/fv-evgruwi.org\/wp-content\/uploads\/2022\/04\/kalender2022-768x576.png 768w, https:\/\/fv-evgruwi.org\/wp-content\/uploads\/2022\/04\/kalender2022-1536x1152.png 1536w, https:\/\/fv-evgruwi.org\/wp-content\/uploads\/2022\/04\/kalender2022.png 1920w\" sizes=\"auto, (max-width: 1024px) 100vw, 1024px\" \/><\/figure>\n\n\n\n<hr class=\"wp-block-separator has-text-color has-theme-palette-7-color has-css-opacity has-theme-palette-7-background-color has-background is-style-wide\"\/>\n","protected":false},"excerpt":{"rendered":"<p>Aus dem Verkaufserl\u00f6s des EvGruWi-Kalenders werden 2.000 Euro an die Berliner K\u00e4ltehilfe gespendet und 36 Decken f\u00fcr die Klassen besorgt. Danke an alle, die mit ihrem Kauf des EvGruWi-Kalenders daf\u00fcr gespendet haben! Es sind \u00fcber 150 Kalender verkauft worden, nur ein paar sind noch \u00fcbrig geblieben. Diese k\u00f6nnen Sie noch zu einem reduzierten Preis von&#8230;<\/p>\n","protected":false},"author":2,"featured_media":2881,"comment_status":"closed","ping_status":"open","sticky":false,"template":"","format":"standard","meta":{"_kad_post_transparent":"","_kad_post_title":"","_kad_post_layout":"","_kad_post_sidebar_id":"","_kad_post_content_style":"","_kad_post_vertical_padding":"","_kad_post_feature":"","_kad_post_feature_position":"","_kad_post_header":false,"_kad_post_footer":false,"_kad_post_classname":"","footnotes":"","_links_to":"","_links_to_target":""},"categories":[6],"tags":[],"class_list":["post-2836","post","type-post","status-publish","format-standard","has-post-thumbnail","hentry","category-aktion"],"yoast_head":"<!-- This site is optimized with the Yoast SEO plugin v27.4 - https:\/\/yoast.com\/product\/yoast-seo-wordpress\/ -->\n<title>EvGruWi Kalender 2022 - Erl\u00f6s - F\u00f6rderverein<\/title>\n<meta name=\"robots\" content=\"index, follow, max-snippet:-1, max-image-preview:large, max-video-preview:-1\" \/>\n<link rel=\"canonical\" href=\"https:\/\/fv-evgruwi.org\/index.php\/2022\/02\/01\/evgruwi-kalender-2022-erloes\/\" \/>\n<meta property=\"og:locale\" content=\"de_DE\" \/>\n<meta property=\"og:type\" content=\"article\" \/>\n<meta property=\"og:title\" content=\"EvGruWi Kalender 2022 - Erl\u00f6s - F\u00f6rderverein\" \/>\n<meta property=\"og:description\" content=\"Aus dem Verkaufserl\u00f6s des EvGruWi-Kalenders werden 2.000 Euro an die Berliner K\u00e4ltehilfe gespendet und 36 Decken f\u00fcr die Klassen besorgt. Danke an alle, die mit ihrem Kauf des EvGruWi-Kalenders daf\u00fcr gespendet haben! Es sind \u00fcber 150 Kalender verkauft worden, nur ein paar sind noch \u00fcbrig geblieben. Diese k\u00f6nnen Sie noch zu einem reduzierten Preis von...\" \/>\n<meta property=\"og:url\" content=\"https:\/\/fv-evgruwi.org\/index.php\/2022\/02\/01\/evgruwi-kalender-2022-erloes\/\" \/>\n<meta property=\"og:site_name\" content=\"F\u00f6rderverein\" \/>\n<meta property=\"article:published_time\" content=\"2022-02-01T12:32:00+00:00\" \/>\n<meta property=\"article:modified_time\" content=\"2026-01-26T09:20:43+00:00\" \/>\n<meta property=\"og:image\" content=\"https:\/\/fv-evgruwi.org\/wp-content\/uploads\/2022\/04\/kalender2022-1024x768.png\" \/>\n\t<meta property=\"og:image:width\" content=\"1024\" \/>\n\t<meta property=\"og:image:height\" content=\"768\" \/>\n\t<meta property=\"og:image:type\" content=\"image\/png\" \/>\n<meta name=\"author\" content=\"Benjamin\" \/>\n<meta name=\"twitter:card\" content=\"summary_large_image\" \/>\n<meta name=\"twitter:label1\" content=\"Verfasst von\" \/>\n\t<meta name=\"twitter:data1\" content=\"Benjamin\" \/>\n\t<meta name=\"twitter:label2\" content=\"Gesch\u00e4tzte Lesezeit\" \/>\n\t<meta name=\"twitter:data2\" content=\"1\u00a0Minute\" \/>\n<script type=\"application\/ld+json\" class=\"yoast-schema-graph\">{\"@context\":\"https:\\\/\\\/schema.org\",\"@graph\":[{\"@type\":\"Article\",\"@id\":\"https:\\\/\\\/fv-evgruwi.org\\\/index.php\\\/2022\\\/02\\\/01\\\/evgruwi-kalender-2022-erloes\\\/#article\",\"isPartOf\":{\"@id\":\"https:\\\/\\\/fv-evgruwi.org\\\/index.php\\\/2022\\\/02\\\/01\\\/evgruwi-kalender-2022-erloes\\\/\"},\"author\":{\"name\":\"Benjamin\",\"@id\":\"https:\\\/\\\/fv-evgruwi.org\\\/#\\\/schema\\\/person\\\/a5f04d777f7e263a9cd0da0f31a581b0\"},\"headline\":\"EvGruWi Kalender 2022 &#8211; Erl\u00f6s\",\"datePublished\":\"2022-02-01T12:32:00+00:00\",\"dateModified\":\"2026-01-26T09:20:43+00:00\",\"mainEntityOfPage\":{\"@id\":\"https:\\\/\\\/fv-evgruwi.org\\\/index.php\\\/2022\\\/02\\\/01\\\/evgruwi-kalender-2022-erloes\\\/\"},\"wordCount\":81,\"publisher\":{\"@id\":\"https:\\\/\\\/fv-evgruwi.org\\\/#organization\"},\"image\":{\"@id\":\"https:\\\/\\\/fv-evgruwi.org\\\/index.php\\\/2022\\\/02\\\/01\\\/evgruwi-kalender-2022-erloes\\\/#primaryimage\"},\"thumbnailUrl\":\"https:\\\/\\\/fv-evgruwi.org\\\/wp-content\\\/uploads\\\/2022\\\/04\\\/kalender2022.png\",\"articleSection\":[\"Aktion\"],\"inLanguage\":\"de\"},{\"@type\":\"WebPage\",\"@id\":\"https:\\\/\\\/fv-evgruwi.org\\\/index.php\\\/2022\\\/02\\\/01\\\/evgruwi-kalender-2022-erloes\\\/\",\"url\":\"https:\\\/\\\/fv-evgruwi.org\\\/index.php\\\/2022\\\/02\\\/01\\\/evgruwi-kalender-2022-erloes\\\/\",\"name\":\"EvGruWi Kalender 2022 - Erl\u00f6s - F\u00f6rderverein\",\"isPartOf\":{\"@id\":\"https:\\\/\\\/fv-evgruwi.org\\\/#website\"},\"primaryImageOfPage\":{\"@id\":\"https:\\\/\\\/fv-evgruwi.org\\\/index.php\\\/2022\\\/02\\\/01\\\/evgruwi-kalender-2022-erloes\\\/#primaryimage\"},\"image\":{\"@id\":\"https:\\\/\\\/fv-evgruwi.org\\\/index.php\\\/2022\\\/02\\\/01\\\/evgruwi-kalender-2022-erloes\\\/#primaryimage\"},\"thumbnailUrl\":\"https:\\\/\\\/fv-evgruwi.org\\\/wp-content\\\/uploads\\\/2022\\\/04\\\/kalender2022.png\",\"datePublished\":\"2022-02-01T12:32:00+00:00\",\"dateModified\":\"2026-01-26T09:20:43+00:00\",\"breadcrumb\":{\"@id\":\"https:\\\/\\\/fv-evgruwi.org\\\/index.php\\\/2022\\\/02\\\/01\\\/evgruwi-kalender-2022-erloes\\\/#breadcrumb\"},\"inLanguage\":\"de\",\"potentialAction\":[{\"@type\":\"ReadAction\",\"target\":[\"https:\\\/\\\/fv-evgruwi.org\\\/index.php\\\/2022\\\/02\\\/01\\\/evgruwi-kalender-2022-erloes\\\/\"]}]},{\"@type\":\"ImageObject\",\"inLanguage\":\"de\",\"@id\":\"https:\\\/\\\/fv-evgruwi.org\\\/index.php\\\/2022\\\/02\\\/01\\\/evgruwi-kalender-2022-erloes\\\/#primaryimage\",\"url\":\"https:\\\/\\\/fv-evgruwi.org\\\/wp-content\\\/uploads\\\/2022\\\/04\\\/kalender2022.png\",\"contentUrl\":\"https:\\\/\\\/fv-evgruwi.org\\\/wp-content\\\/uploads\\\/2022\\\/04\\\/kalender2022.png\",\"width\":1920,\"height\":1440},{\"@type\":\"BreadcrumbList\",\"@id\":\"https:\\\/\\\/fv-evgruwi.org\\\/index.php\\\/2022\\\/02\\\/01\\\/evgruwi-kalender-2022-erloes\\\/#breadcrumb\",\"itemListElement\":[{\"@type\":\"ListItem\",\"position\":1,\"name\":\"Home\",\"item\":\"https:\\\/\\\/fv-evgruwi.org\\\/\"},{\"@type\":\"ListItem\",\"position\":2,\"name\":\"EvGruWi Kalender 2022 &#8211; Erl\u00f6s\"}]},{\"@type\":\"WebSite\",\"@id\":\"https:\\\/\\\/fv-evgruwi.org\\\/#website\",\"url\":\"https:\\\/\\\/fv-evgruwi.org\\\/\",\"name\":\"F\u00f6rderverein\",\"description\":\"Ev. Grundschule Wilmersdorf\",\"publisher\":{\"@id\":\"https:\\\/\\\/fv-evgruwi.org\\\/#organization\"},\"potentialAction\":[{\"@type\":\"SearchAction\",\"target\":{\"@type\":\"EntryPoint\",\"urlTemplate\":\"https:\\\/\\\/fv-evgruwi.org\\\/?s={search_term_string}\"},\"query-input\":{\"@type\":\"PropertyValueSpecification\",\"valueRequired\":true,\"valueName\":\"search_term_string\"}}],\"inLanguage\":\"de\"},{\"@type\":\"Organization\",\"@id\":\"https:\\\/\\\/fv-evgruwi.org\\\/#organization\",\"name\":\"F\u00f6rderverein\",\"url\":\"https:\\\/\\\/fv-evgruwi.org\\\/\",\"logo\":{\"@type\":\"ImageObject\",\"inLanguage\":\"de\",\"@id\":\"https:\\\/\\\/fv-evgruwi.org\\\/#\\\/schema\\\/logo\\\/image\\\/\",\"url\":\"https:\\\/\\\/fv-evgruwi.org\\\/wp-content\\\/uploads\\\/2024\\\/03\\\/evgruwiFV-g.png\",\"contentUrl\":\"https:\\\/\\\/fv-evgruwi.org\\\/wp-content\\\/uploads\\\/2024\\\/03\\\/evgruwiFV-g.png\",\"width\":355,\"height\":355,\"caption\":\"F\u00f6rderverein\"},\"image\":{\"@id\":\"https:\\\/\\\/fv-evgruwi.org\\\/#\\\/schema\\\/logo\\\/image\\\/\"}},{\"@type\":\"Person\",\"@id\":\"https:\\\/\\\/fv-evgruwi.org\\\/#\\\/schema\\\/person\\\/a5f04d777f7e263a9cd0da0f31a581b0\",\"name\":\"Benjamin\",\"image\":{\"@type\":\"ImageObject\",\"inLanguage\":\"de\",\"@id\":\"https:\\\/\\\/secure.gravatar.com\\\/avatar\\\/3f25e526b80cae70d6f2caba909419fb2177d6b85e870c2d7687968191f1dd8a?s=96&d=mm&r=g\",\"url\":\"https:\\\/\\\/secure.gravatar.com\\\/avatar\\\/3f25e526b80cae70d6f2caba909419fb2177d6b85e870c2d7687968191f1dd8a?s=96&d=mm&r=g\",\"contentUrl\":\"https:\\\/\\\/secure.gravatar.com\\\/avatar\\\/3f25e526b80cae70d6f2caba909419fb2177d6b85e870c2d7687968191f1dd8a?s=96&d=mm&r=g\",\"caption\":\"Benjamin\"},\"url\":\"https:\\\/\\\/fv-evgruwi.org\\\/index.php\\\/author\\\/benjamin\\\/\"}]}<\/script>\n<!-- \/ Yoast SEO plugin. -->","yoast_head_json":{"title":"EvGruWi Kalender 2022 - Erl\u00f6s - F\u00f6rderverein","robots":{"index":"index","follow":"follow","max-snippet":"max-snippet:-1","max-image-preview":"max-image-preview:large","max-video-preview":"max-video-preview:-1"},"canonical":"https:\/\/fv-evgruwi.org\/index.php\/2022\/02\/01\/evgruwi-kalender-2022-erloes\/","og_locale":"de_DE","og_type":"article","og_title":"EvGruWi Kalender 2022 - Erl\u00f6s - F\u00f6rderverein","og_description":"Aus dem Verkaufserl\u00f6s des EvGruWi-Kalenders werden 2.000 Euro an die Berliner K\u00e4ltehilfe gespendet und 36 Decken f\u00fcr die Klassen besorgt. Danke an alle, die mit ihrem Kauf des EvGruWi-Kalenders daf\u00fcr gespendet haben! Es sind \u00fcber 150 Kalender verkauft worden, nur ein paar sind noch \u00fcbrig geblieben. Diese k\u00f6nnen Sie noch zu einem reduzierten Preis von...","og_url":"https:\/\/fv-evgruwi.org\/index.php\/2022\/02\/01\/evgruwi-kalender-2022-erloes\/","og_site_name":"F\u00f6rderverein","article_published_time":"2022-02-01T12:32:00+00:00","article_modified_time":"2026-01-26T09:20:43+00:00","og_image":[{"width":1024,"height":768,"url":"https:\/\/fv-evgruwi.org\/wp-content\/uploads\/2022\/04\/kalender2022-1024x768.png","type":"image\/png"}],"author":"Benjamin","twitter_card":"summary_large_image","twitter_misc":{"Verfasst von":"Benjamin","Gesch\u00e4tzte Lesezeit":"1\u00a0Minute"},"schema":{"@context":"https:\/\/schema.org","@graph":[{"@type":"Article","@id":"https:\/\/fv-evgruwi.org\/index.php\/2022\/02\/01\/evgruwi-kalender-2022-erloes\/#article","isPartOf":{"@id":"https:\/\/fv-evgruwi.org\/index.php\/2022\/02\/01\/evgruwi-kalender-2022-erloes\/"},"author":{"name":"Benjamin","@id":"https:\/\/fv-evgruwi.org\/#\/schema\/person\/a5f04d777f7e263a9cd0da0f31a581b0"},"headline":"EvGruWi Kalender 2022 &#8211; Erl\u00f6s","datePublished":"2022-02-01T12:32:00+00:00","dateModified":"2026-01-26T09:20:43+00:00","mainEntityOfPage":{"@id":"https:\/\/fv-evgruwi.org\/index.php\/2022\/02\/01\/evgruwi-kalender-2022-erloes\/"},"wordCount":81,"publisher":{"@id":"https:\/\/fv-evgruwi.org\/#organization"},"image":{"@id":"https:\/\/fv-evgruwi.org\/index.php\/2022\/02\/01\/evgruwi-kalender-2022-erloes\/#primaryimage"},"thumbnailUrl":"https:\/\/fv-evgruwi.org\/wp-content\/uploads\/2022\/04\/kalender2022.png","articleSection":["Aktion"],"inLanguage":"de"},{"@type":"WebPage","@id":"https:\/\/fv-evgruwi.org\/index.php\/2022\/02\/01\/evgruwi-kalender-2022-erloes\/","url":"https:\/\/fv-evgruwi.org\/index.php\/2022\/02\/01\/evgruwi-kalender-2022-erloes\/","name":"EvGruWi Kalender 2022 - Erl\u00f6s - F\u00f6rderverein","isPartOf":{"@id":"https:\/\/fv-evgruwi.org\/#website"},"primaryImageOfPage":{"@id":"https:\/\/fv-evgruwi.org\/index.php\/2022\/02\/01\/evgruwi-kalender-2022-erloes\/#primaryimage"},"image":{"@id":"https:\/\/fv-evgruwi.org\/index.php\/2022\/02\/01\/evgruwi-kalender-2022-erloes\/#primaryimage"},"thumbnailUrl":"https:\/\/fv-evgruwi.org\/wp-content\/uploads\/2022\/04\/kalender2022.png","datePublished":"2022-02-01T12:32:00+00:00","dateModified":"2026-01-26T09:20:43+00:00","breadcrumb":{"@id":"https:\/\/fv-evgruwi.org\/index.php\/2022\/02\/01\/evgruwi-kalender-2022-erloes\/#breadcrumb"},"inLanguage":"de","potentialAction":[{"@type":"ReadAction","target":["https:\/\/fv-evgruwi.org\/index.php\/2022\/02\/01\/evgruwi-kalender-2022-erloes\/"]}]},{"@type":"ImageObject","inLanguage":"de","@id":"https:\/\/fv-evgruwi.org\/index.php\/2022\/02\/01\/evgruwi-kalender-2022-erloes\/#primaryimage","url":"https:\/\/fv-evgruwi.org\/wp-content\/uploads\/2022\/04\/kalender2022.png","contentUrl":"https:\/\/fv-evgruwi.org\/wp-content\/uploads\/2022\/04\/kalender2022.png","width":1920,"height":1440},{"@type":"BreadcrumbList","@id":"https:\/\/fv-evgruwi.org\/index.php\/2022\/02\/01\/evgruwi-kalender-2022-erloes\/#breadcrumb","itemListElement":[{"@type":"ListItem","position":1,"name":"Home","item":"https:\/\/fv-evgruwi.org\/"},{"@type":"ListItem","position":2,"name":"EvGruWi Kalender 2022 &#8211; Erl\u00f6s"}]},{"@type":"WebSite","@id":"https:\/\/fv-evgruwi.org\/#website","url":"https:\/\/fv-evgruwi.org\/","name":"F\u00f6rderverein","description":"Ev. Grundschule Wilmersdorf","publisher":{"@id":"https:\/\/fv-evgruwi.org\/#organization"},"potentialAction":[{"@type":"SearchAction","target":{"@type":"EntryPoint","urlTemplate":"https:\/\/fv-evgruwi.org\/?s={search_term_string}"},"query-input":{"@type":"PropertyValueSpecification","valueRequired":true,"valueName":"search_term_string"}}],"inLanguage":"de"},{"@type":"Organization","@id":"https:\/\/fv-evgruwi.org\/#organization","name":"F\u00f6rderverein","url":"https:\/\/fv-evgruwi.org\/","logo":{"@type":"ImageObject","inLanguage":"de","@id":"https:\/\/fv-evgruwi.org\/#\/schema\/logo\/image\/","url":"https:\/\/fv-evgruwi.org\/wp-content\/uploads\/2024\/03\/evgruwiFV-g.png","contentUrl":"https:\/\/fv-evgruwi.org\/wp-content\/uploads\/2024\/03\/evgruwiFV-g.png","width":355,"height":355,"caption":"F\u00f6rderverein"},"image":{"@id":"https:\/\/fv-evgruwi.org\/#\/schema\/logo\/image\/"}},{"@type":"Person","@id":"https:\/\/fv-evgruwi.org\/#\/schema\/person\/a5f04d777f7e263a9cd0da0f31a581b0","name":"Benjamin","image":{"@type":"ImageObject","inLanguage":"de","@id":"https:\/\/secure.gravatar.com\/avatar\/3f25e526b80cae70d6f2caba909419fb2177d6b85e870c2d7687968191f1dd8a?s=96&d=mm&r=g","url":"https:\/\/secure.gravatar.com\/avatar\/3f25e526b80cae70d6f2caba909419fb2177d6b85e870c2d7687968191f1dd8a?s=96&d=mm&r=g","contentUrl":"https:\/\/secure.gravatar.com\/avatar\/3f25e526b80cae70d6f2caba909419fb2177d6b85e870c2d7687968191f1dd8a?s=96&d=mm&r=g","caption":"Benjamin"},"url":"https:\/\/fv-evgruwi.org\/index.php\/author\/benjamin\/"}]}},"_links":{"self":[{"href":"https:\/\/fv-evgruwi.org\/index.php\/wp-json\/wp\/v2\/posts\/2836","targetHints":{"allow":["GET"]}}],"collection":[{"href":"https:\/\/fv-evgruwi.org\/index.php\/wp-json\/wp\/v2\/posts"}],"about":[{"href":"https:\/\/fv-evgruwi.org\/index.php\/wp-json\/wp\/v2\/types\/post"}],"author":[{"embeddable":true,"href":"https:\/\/fv-evgruwi.org\/index.php\/wp-json\/wp\/v2\/users\/2"}],"replies":[{"embeddable":true,"href":"https:\/\/fv-evgruwi.org\/index.php\/wp-json\/wp\/v2\/comments?post=2836"}],"version-history":[{"count":2,"href":"https:\/\/fv-evgruwi.org\/index.php\/wp-json\/wp\/v2\/posts\/2836\/revisions"}],"predecessor-version":[{"id":6164,"href":"https:\/\/fv-evgruwi.org\/index.php\/wp-json\/wp\/v2\/posts\/2836\/revisions\/6164"}],"wp:featuredmedia":[{"embeddable":true,"href":"https:\/\/fv-evgruwi.org\/index.php\/wp-json\/wp\/v2\/media\/2881"}],"wp:attachment":[{"href":"https:\/\/fv-evgruwi.org\/index.php\/wp-json\/wp\/v2\/media?parent=2836"}],"wp:term":[{"taxonomy":"category","embeddable":true,"href":"https:\/\/fv-evgruwi.org\/index.php\/wp-json\/wp\/v2\/categories?post=2836"},{"taxonomy":"post_tag","embeddable":true,"href":"https:\/\/fv-evgruwi.org\/index.php\/wp-json\/wp\/v2\/tags?post=2836"}],"curies":[{"name":"wp","href":"https:\/\/api.w.org\/{rel}","templated":true}]}}