{"id":2832,"date":"2022-01-31T14:39:00","date_gmt":"2022-01-31T13:39:00","guid":{"rendered":"https:\/\/www.evgruwi.de\/?p=2832"},"modified":"2026-01-26T10:20:43","modified_gmt":"2026-01-26T09:20:43","slug":"neues-vorstandsmitglied-gesucht","status":"publish","type":"post","link":"https:\/\/fv-evgruwi.org\/index.php\/2022\/01\/31\/neues-vorstandsmitglied-gesucht\/","title":{"rendered":"Neues Vorstandsmitglied gesucht"},"content":{"rendered":"\n<p>Liebe Eltern,<\/p>\n\n\n\n<p>in diesem Jahr w\u00e4hlt die Mitgliederversammlung wieder einen Teil des Vorstands unseres F\u00f6rdervereins neu.<\/p>\n\n\n<p><img loading=\"lazy\" decoding=\"async\" class=\" wp-image-2859 alignright\" src=\"https:\/\/www.evgruwi.de\/wp-content\/uploads\/sites\/12\/2022\/04\/who-300x200.jpg\" alt=\"\" width=\"401\" height=\"267\" srcset=\"https:\/\/fv-evgruwi.org\/wp-content\/uploads\/2022\/04\/who-300x200.jpg 300w, https:\/\/fv-evgruwi.org\/wp-content\/uploads\/2022\/04\/who-1024x683.jpg 1024w, https:\/\/fv-evgruwi.org\/wp-content\/uploads\/2022\/04\/who-768x512.jpg 768w, https:\/\/fv-evgruwi.org\/wp-content\/uploads\/2022\/04\/who-1536x1024.jpg 1536w, https:\/\/fv-evgruwi.org\/wp-content\/uploads\/2022\/04\/who.jpg 1920w\" sizes=\"auto, (max-width: 401px) 100vw, 401px\" \/> Ich freue mich sehr, dass Susana Onnasch da Cunha bereits ihre Bereitschaft zur Wiederwahl als Vorsitzende signalisiert hat. Utz G\u00f6hring bleibt als Schatzmeister im Amt. In den vergangenen beiden Jahren habe ich das Amt des stellvertretenden Vorsitzenden ausgef\u00fcllt. Mir war es immer ein Anliegen, meinen Beitrag innerhalb der Schulgemeinschaft zu leisten.<\/p>\n\n\n<p>Mit Ende des Schuljahres endet nun unsere Zeit an der EvGruWi, so dass ich nicht erneut f\u00fcr das Amt des stellvertretenden Vorsitzenden kandidieren werde.<\/p>\n\n\n\n<p>Liebgewonnene Projekte wie die Sternenkarten wollen fortgef\u00fchrt werden. Der Kalender und der Weihnachtsbaum zeigen, dass auch jederzeit Neues entstehen kann.<\/p>\n\n\n\n<p>So spreche ich Sie heute direkt mit der Frage an: K\u00f6nnen Sie sich vorstellen, unsere Schule als Vorstandsmitglied des F\u00f6rdervereins zu unterst\u00fctzen?<\/p>\n\n\n\n<p>Sicherlich stellen sich Ihnen viele Fragen. Bitte folgen Sie meiner Einladung und lassen Sie uns ins Gespr\u00e4ch kommen. <\/p>\n\n\n\n<p>Eine kurze E-Mail an <a href=\"mailto:info@fv-evgruwi.org\">info@fv-evgruwi.org<\/a> macht den Anfang.<\/p>\n\n\n\n<p>Herzliche Gr\u00fc\u00dfe, <\/p>\n\n\n\n<p>Jan Hockenholz<\/p>\n\n\n\n<hr class=\"wp-block-separator has-text-color has-theme-palette-7-color has-css-opacity has-theme-palette-7-background-color has-background is-style-wide\"\/>\n","protected":false},"excerpt":{"rendered":"<p>Liebe Eltern, in diesem Jahr w\u00e4hlt die Mitgliederversammlung wieder einen Teil des Vorstands unseres F\u00f6rdervereins neu. Ich freue mich sehr, dass Susana Onnasch da Cunha bereits ihre Bereitschaft zur Wiederwahl als Vorsitzende signalisiert hat. Utz G\u00f6hring bleibt als Schatzmeister im Amt. In den vergangenen beiden Jahren habe ich das Amt des stellvertretenden Vorsitzenden ausgef\u00fcllt. Mir&#8230;<\/p>\n","protected":false},"author":2,"featured_media":2859,"comment_status":"closed","ping_status":"open","sticky":false,"template":"","format":"standard","meta":{"_kad_post_transparent":"","_kad_post_title":"","_kad_post_layout":"","_kad_post_sidebar_id":"","_kad_post_content_style":"","_kad_post_vertical_padding":"","_kad_post_feature":"","_kad_post_feature_position":"","_kad_post_header":false,"_kad_post_footer":false,"_kad_post_classname":"","footnotes":"","_links_to":"","_links_to_target":""},"categories":[21],"tags":[],"class_list":["post-2832","post","type-post","status-publish","format-standard","has-post-thumbnail","hentry","category-verein"],"yoast_head":"<!-- This site is optimized with the Yoast SEO plugin v27.4 - https:\/\/yoast.com\/product\/yoast-seo-wordpress\/ -->\n<title>Neues Vorstandsmitglied gesucht - F\u00f6rderverein<\/title>\n<meta name=\"robots\" content=\"index, follow, max-snippet:-1, max-image-preview:large, max-video-preview:-1\" \/>\n<link rel=\"canonical\" href=\"https:\/\/fv-evgruwi.org\/index.php\/2022\/01\/31\/neues-vorstandsmitglied-gesucht\/\" \/>\n<meta property=\"og:locale\" content=\"de_DE\" \/>\n<meta property=\"og:type\" content=\"article\" \/>\n<meta property=\"og:title\" content=\"Neues Vorstandsmitglied gesucht - F\u00f6rderverein\" \/>\n<meta property=\"og:description\" content=\"Liebe Eltern, in diesem Jahr w\u00e4hlt die Mitgliederversammlung wieder einen Teil des Vorstands unseres F\u00f6rdervereins neu. Ich freue mich sehr, dass Susana Onnasch da Cunha bereits ihre Bereitschaft zur Wiederwahl als Vorsitzende signalisiert hat. Utz G\u00f6hring bleibt als Schatzmeister im Amt. In den vergangenen beiden Jahren habe ich das Amt des stellvertretenden Vorsitzenden ausgef\u00fcllt. Mir...\" \/>\n<meta property=\"og:url\" content=\"https:\/\/fv-evgruwi.org\/index.php\/2022\/01\/31\/neues-vorstandsmitglied-gesucht\/\" \/>\n<meta property=\"og:site_name\" content=\"F\u00f6rderverein\" \/>\n<meta property=\"article:published_time\" content=\"2022-01-31T13:39:00+00:00\" \/>\n<meta property=\"article:modified_time\" content=\"2026-01-26T09:20:43+00:00\" \/>\n<meta property=\"og:image\" content=\"https:\/\/fv-evgruwi.org\/wp-content\/uploads\/2022\/04\/who.jpg\" \/>\n\t<meta property=\"og:image:width\" content=\"1920\" \/>\n\t<meta property=\"og:image:height\" content=\"1280\" \/>\n\t<meta property=\"og:image:type\" content=\"image\/jpeg\" \/>\n<meta name=\"author\" content=\"Benjamin\" \/>\n<meta name=\"twitter:card\" content=\"summary_large_image\" \/>\n<meta name=\"twitter:label1\" content=\"Verfasst von\" \/>\n\t<meta name=\"twitter:data1\" content=\"Benjamin\" \/>\n\t<meta name=\"twitter:label2\" content=\"Gesch\u00e4tzte Lesezeit\" \/>\n\t<meta name=\"twitter:data2\" content=\"2\u00a0Minuten\" \/>\n<script type=\"application\/ld+json\" class=\"yoast-schema-graph\">{\"@context\":\"https:\\\/\\\/schema.org\",\"@graph\":[{\"@type\":\"Article\",\"@id\":\"https:\\\/\\\/fv-evgruwi.org\\\/index.php\\\/2022\\\/01\\\/31\\\/neues-vorstandsmitglied-gesucht\\\/#article\",\"isPartOf\":{\"@id\":\"https:\\\/\\\/fv-evgruwi.org\\\/index.php\\\/2022\\\/01\\\/31\\\/neues-vorstandsmitglied-gesucht\\\/\"},\"author\":{\"name\":\"Benjamin\",\"@id\":\"https:\\\/\\\/fv-evgruwi.org\\\/#\\\/schema\\\/person\\\/a5f04d777f7e263a9cd0da0f31a581b0\"},\"headline\":\"Neues Vorstandsmitglied gesucht\",\"datePublished\":\"2022-01-31T13:39:00+00:00\",\"dateModified\":\"2026-01-26T09:20:43+00:00\",\"mainEntityOfPage\":{\"@id\":\"https:\\\/\\\/fv-evgruwi.org\\\/index.php\\\/2022\\\/01\\\/31\\\/neues-vorstandsmitglied-gesucht\\\/\"},\"wordCount\":179,\"publisher\":{\"@id\":\"https:\\\/\\\/fv-evgruwi.org\\\/#organization\"},\"image\":{\"@id\":\"https:\\\/\\\/fv-evgruwi.org\\\/index.php\\\/2022\\\/01\\\/31\\\/neues-vorstandsmitglied-gesucht\\\/#primaryimage\"},\"thumbnailUrl\":\"https:\\\/\\\/fv-evgruwi.org\\\/wp-content\\\/uploads\\\/2022\\\/04\\\/who.jpg\",\"articleSection\":[\"Verein\"],\"inLanguage\":\"de\"},{\"@type\":\"WebPage\",\"@id\":\"https:\\\/\\\/fv-evgruwi.org\\\/index.php\\\/2022\\\/01\\\/31\\\/neues-vorstandsmitglied-gesucht\\\/\",\"url\":\"https:\\\/\\\/fv-evgruwi.org\\\/index.php\\\/2022\\\/01\\\/31\\\/neues-vorstandsmitglied-gesucht\\\/\",\"name\":\"Neues Vorstandsmitglied gesucht - F\u00f6rderverein\",\"isPartOf\":{\"@id\":\"https:\\\/\\\/fv-evgruwi.org\\\/#website\"},\"primaryImageOfPage\":{\"@id\":\"https:\\\/\\\/fv-evgruwi.org\\\/index.php\\\/2022\\\/01\\\/31\\\/neues-vorstandsmitglied-gesucht\\\/#primaryimage\"},\"image\":{\"@id\":\"https:\\\/\\\/fv-evgruwi.org\\\/index.php\\\/2022\\\/01\\\/31\\\/neues-vorstandsmitglied-gesucht\\\/#primaryimage\"},\"thumbnailUrl\":\"https:\\\/\\\/fv-evgruwi.org\\\/wp-content\\\/uploads\\\/2022\\\/04\\\/who.jpg\",\"datePublished\":\"2022-01-31T13:39:00+00:00\",\"dateModified\":\"2026-01-26T09:20:43+00:00\",\"breadcrumb\":{\"@id\":\"https:\\\/\\\/fv-evgruwi.org\\\/index.php\\\/2022\\\/01\\\/31\\\/neues-vorstandsmitglied-gesucht\\\/#breadcrumb\"},\"inLanguage\":\"de\",\"potentialAction\":[{\"@type\":\"ReadAction\",\"target\":[\"https:\\\/\\\/fv-evgruwi.org\\\/index.php\\\/2022\\\/01\\\/31\\\/neues-vorstandsmitglied-gesucht\\\/\"]}]},{\"@type\":\"ImageObject\",\"inLanguage\":\"de\",\"@id\":\"https:\\\/\\\/fv-evgruwi.org\\\/index.php\\\/2022\\\/01\\\/31\\\/neues-vorstandsmitglied-gesucht\\\/#primaryimage\",\"url\":\"https:\\\/\\\/fv-evgruwi.org\\\/wp-content\\\/uploads\\\/2022\\\/04\\\/who.jpg\",\"contentUrl\":\"https:\\\/\\\/fv-evgruwi.org\\\/wp-content\\\/uploads\\\/2022\\\/04\\\/who.jpg\",\"width\":1920,\"height\":1280},{\"@type\":\"BreadcrumbList\",\"@id\":\"https:\\\/\\\/fv-evgruwi.org\\\/index.php\\\/2022\\\/01\\\/31\\\/neues-vorstandsmitglied-gesucht\\\/#breadcrumb\",\"itemListElement\":[{\"@type\":\"ListItem\",\"position\":1,\"name\":\"Home\",\"item\":\"https:\\\/\\\/fv-evgruwi.org\\\/\"},{\"@type\":\"ListItem\",\"position\":2,\"name\":\"Neues Vorstandsmitglied gesucht\"}]},{\"@type\":\"WebSite\",\"@id\":\"https:\\\/\\\/fv-evgruwi.org\\\/#website\",\"url\":\"https:\\\/\\\/fv-evgruwi.org\\\/\",\"name\":\"F\u00f6rderverein\",\"description\":\"Ev. Grundschule Wilmersdorf\",\"publisher\":{\"@id\":\"https:\\\/\\\/fv-evgruwi.org\\\/#organization\"},\"potentialAction\":[{\"@type\":\"SearchAction\",\"target\":{\"@type\":\"EntryPoint\",\"urlTemplate\":\"https:\\\/\\\/fv-evgruwi.org\\\/?s={search_term_string}\"},\"query-input\":{\"@type\":\"PropertyValueSpecification\",\"valueRequired\":true,\"valueName\":\"search_term_string\"}}],\"inLanguage\":\"de\"},{\"@type\":\"Organization\",\"@id\":\"https:\\\/\\\/fv-evgruwi.org\\\/#organization\",\"name\":\"F\u00f6rderverein\",\"url\":\"https:\\\/\\\/fv-evgruwi.org\\\/\",\"logo\":{\"@type\":\"ImageObject\",\"inLanguage\":\"de\",\"@id\":\"https:\\\/\\\/fv-evgruwi.org\\\/#\\\/schema\\\/logo\\\/image\\\/\",\"url\":\"https:\\\/\\\/fv-evgruwi.org\\\/wp-content\\\/uploads\\\/2024\\\/03\\\/evgruwiFV-g.png\",\"contentUrl\":\"https:\\\/\\\/fv-evgruwi.org\\\/wp-content\\\/uploads\\\/2024\\\/03\\\/evgruwiFV-g.png\",\"width\":355,\"height\":355,\"caption\":\"F\u00f6rderverein\"},\"image\":{\"@id\":\"https:\\\/\\\/fv-evgruwi.org\\\/#\\\/schema\\\/logo\\\/image\\\/\"}},{\"@type\":\"Person\",\"@id\":\"https:\\\/\\\/fv-evgruwi.org\\\/#\\\/schema\\\/person\\\/a5f04d777f7e263a9cd0da0f31a581b0\",\"name\":\"Benjamin\",\"image\":{\"@type\":\"ImageObject\",\"inLanguage\":\"de\",\"@id\":\"https:\\\/\\\/secure.gravatar.com\\\/avatar\\\/3f25e526b80cae70d6f2caba909419fb2177d6b85e870c2d7687968191f1dd8a?s=96&d=mm&r=g\",\"url\":\"https:\\\/\\\/secure.gravatar.com\\\/avatar\\\/3f25e526b80cae70d6f2caba909419fb2177d6b85e870c2d7687968191f1dd8a?s=96&d=mm&r=g\",\"contentUrl\":\"https:\\\/\\\/secure.gravatar.com\\\/avatar\\\/3f25e526b80cae70d6f2caba909419fb2177d6b85e870c2d7687968191f1dd8a?s=96&d=mm&r=g\",\"caption\":\"Benjamin\"},\"url\":\"https:\\\/\\\/fv-evgruwi.org\\\/index.php\\\/author\\\/benjamin\\\/\"}]}<\/script>\n<!-- \/ Yoast SEO plugin. -->","yoast_head_json":{"title":"Neues Vorstandsmitglied gesucht - F\u00f6rderverein","robots":{"index":"index","follow":"follow","max-snippet":"max-snippet:-1","max-image-preview":"max-image-preview:large","max-video-preview":"max-video-preview:-1"},"canonical":"https:\/\/fv-evgruwi.org\/index.php\/2022\/01\/31\/neues-vorstandsmitglied-gesucht\/","og_locale":"de_DE","og_type":"article","og_title":"Neues Vorstandsmitglied gesucht - F\u00f6rderverein","og_description":"Liebe Eltern, in diesem Jahr w\u00e4hlt die Mitgliederversammlung wieder einen Teil des Vorstands unseres F\u00f6rdervereins neu. Ich freue mich sehr, dass Susana Onnasch da Cunha bereits ihre Bereitschaft zur Wiederwahl als Vorsitzende signalisiert hat. Utz G\u00f6hring bleibt als Schatzmeister im Amt. In den vergangenen beiden Jahren habe ich das Amt des stellvertretenden Vorsitzenden ausgef\u00fcllt. Mir...","og_url":"https:\/\/fv-evgruwi.org\/index.php\/2022\/01\/31\/neues-vorstandsmitglied-gesucht\/","og_site_name":"F\u00f6rderverein","article_published_time":"2022-01-31T13:39:00+00:00","article_modified_time":"2026-01-26T09:20:43+00:00","og_image":[{"width":1920,"height":1280,"url":"https:\/\/fv-evgruwi.org\/wp-content\/uploads\/2022\/04\/who.jpg","type":"image\/jpeg"}],"author":"Benjamin","twitter_card":"summary_large_image","twitter_misc":{"Verfasst von":"Benjamin","Gesch\u00e4tzte Lesezeit":"2\u00a0Minuten"},"schema":{"@context":"https:\/\/schema.org","@graph":[{"@type":"Article","@id":"https:\/\/fv-evgruwi.org\/index.php\/2022\/01\/31\/neues-vorstandsmitglied-gesucht\/#article","isPartOf":{"@id":"https:\/\/fv-evgruwi.org\/index.php\/2022\/01\/31\/neues-vorstandsmitglied-gesucht\/"},"author":{"name":"Benjamin","@id":"https:\/\/fv-evgruwi.org\/#\/schema\/person\/a5f04d777f7e263a9cd0da0f31a581b0"},"headline":"Neues Vorstandsmitglied gesucht","datePublished":"2022-01-31T13:39:00+00:00","dateModified":"2026-01-26T09:20:43+00:00","mainEntityOfPage":{"@id":"https:\/\/fv-evgruwi.org\/index.php\/2022\/01\/31\/neues-vorstandsmitglied-gesucht\/"},"wordCount":179,"publisher":{"@id":"https:\/\/fv-evgruwi.org\/#organization"},"image":{"@id":"https:\/\/fv-evgruwi.org\/index.php\/2022\/01\/31\/neues-vorstandsmitglied-gesucht\/#primaryimage"},"thumbnailUrl":"https:\/\/fv-evgruwi.org\/wp-content\/uploads\/2022\/04\/who.jpg","articleSection":["Verein"],"inLanguage":"de"},{"@type":"WebPage","@id":"https:\/\/fv-evgruwi.org\/index.php\/2022\/01\/31\/neues-vorstandsmitglied-gesucht\/","url":"https:\/\/fv-evgruwi.org\/index.php\/2022\/01\/31\/neues-vorstandsmitglied-gesucht\/","name":"Neues Vorstandsmitglied gesucht - F\u00f6rderverein","isPartOf":{"@id":"https:\/\/fv-evgruwi.org\/#website"},"primaryImageOfPage":{"@id":"https:\/\/fv-evgruwi.org\/index.php\/2022\/01\/31\/neues-vorstandsmitglied-gesucht\/#primaryimage"},"image":{"@id":"https:\/\/fv-evgruwi.org\/index.php\/2022\/01\/31\/neues-vorstandsmitglied-gesucht\/#primaryimage"},"thumbnailUrl":"https:\/\/fv-evgruwi.org\/wp-content\/uploads\/2022\/04\/who.jpg","datePublished":"2022-01-31T13:39:00+00:00","dateModified":"2026-01-26T09:20:43+00:00","breadcrumb":{"@id":"https:\/\/fv-evgruwi.org\/index.php\/2022\/01\/31\/neues-vorstandsmitglied-gesucht\/#breadcrumb"},"inLanguage":"de","potentialAction":[{"@type":"ReadAction","target":["https:\/\/fv-evgruwi.org\/index.php\/2022\/01\/31\/neues-vorstandsmitglied-gesucht\/"]}]},{"@type":"ImageObject","inLanguage":"de","@id":"https:\/\/fv-evgruwi.org\/index.php\/2022\/01\/31\/neues-vorstandsmitglied-gesucht\/#primaryimage","url":"https:\/\/fv-evgruwi.org\/wp-content\/uploads\/2022\/04\/who.jpg","contentUrl":"https:\/\/fv-evgruwi.org\/wp-content\/uploads\/2022\/04\/who.jpg","width":1920,"height":1280},{"@type":"BreadcrumbList","@id":"https:\/\/fv-evgruwi.org\/index.php\/2022\/01\/31\/neues-vorstandsmitglied-gesucht\/#breadcrumb","itemListElement":[{"@type":"ListItem","position":1,"name":"Home","item":"https:\/\/fv-evgruwi.org\/"},{"@type":"ListItem","position":2,"name":"Neues Vorstandsmitglied gesucht"}]},{"@type":"WebSite","@id":"https:\/\/fv-evgruwi.org\/#website","url":"https:\/\/fv-evgruwi.org\/","name":"F\u00f6rderverein","description":"Ev. Grundschule Wilmersdorf","publisher":{"@id":"https:\/\/fv-evgruwi.org\/#organization"},"potentialAction":[{"@type":"SearchAction","target":{"@type":"EntryPoint","urlTemplate":"https:\/\/fv-evgruwi.org\/?s={search_term_string}"},"query-input":{"@type":"PropertyValueSpecification","valueRequired":true,"valueName":"search_term_string"}}],"inLanguage":"de"},{"@type":"Organization","@id":"https:\/\/fv-evgruwi.org\/#organization","name":"F\u00f6rderverein","url":"https:\/\/fv-evgruwi.org\/","logo":{"@type":"ImageObject","inLanguage":"de","@id":"https:\/\/fv-evgruwi.org\/#\/schema\/logo\/image\/","url":"https:\/\/fv-evgruwi.org\/wp-content\/uploads\/2024\/03\/evgruwiFV-g.png","contentUrl":"https:\/\/fv-evgruwi.org\/wp-content\/uploads\/2024\/03\/evgruwiFV-g.png","width":355,"height":355,"caption":"F\u00f6rderverein"},"image":{"@id":"https:\/\/fv-evgruwi.org\/#\/schema\/logo\/image\/"}},{"@type":"Person","@id":"https:\/\/fv-evgruwi.org\/#\/schema\/person\/a5f04d777f7e263a9cd0da0f31a581b0","name":"Benjamin","image":{"@type":"ImageObject","inLanguage":"de","@id":"https:\/\/secure.gravatar.com\/avatar\/3f25e526b80cae70d6f2caba909419fb2177d6b85e870c2d7687968191f1dd8a?s=96&d=mm&r=g","url":"https:\/\/secure.gravatar.com\/avatar\/3f25e526b80cae70d6f2caba909419fb2177d6b85e870c2d7687968191f1dd8a?s=96&d=mm&r=g","contentUrl":"https:\/\/secure.gravatar.com\/avatar\/3f25e526b80cae70d6f2caba909419fb2177d6b85e870c2d7687968191f1dd8a?s=96&d=mm&r=g","caption":"Benjamin"},"url":"https:\/\/fv-evgruwi.org\/index.php\/author\/benjamin\/"}]}},"_links":{"self":[{"href":"https:\/\/fv-evgruwi.org\/index.php\/wp-json\/wp\/v2\/posts\/2832","targetHints":{"allow":["GET"]}}],"collection":[{"href":"https:\/\/fv-evgruwi.org\/index.php\/wp-json\/wp\/v2\/posts"}],"about":[{"href":"https:\/\/fv-evgruwi.org\/index.php\/wp-json\/wp\/v2\/types\/post"}],"author":[{"embeddable":true,"href":"https:\/\/fv-evgruwi.org\/index.php\/wp-json\/wp\/v2\/users\/2"}],"replies":[{"embeddable":true,"href":"https:\/\/fv-evgruwi.org\/index.php\/wp-json\/wp\/v2\/comments?post=2832"}],"version-history":[{"count":2,"href":"https:\/\/fv-evgruwi.org\/index.php\/wp-json\/wp\/v2\/posts\/2832\/revisions"}],"predecessor-version":[{"id":6165,"href":"https:\/\/fv-evgruwi.org\/index.php\/wp-json\/wp\/v2\/posts\/2832\/revisions\/6165"}],"wp:featuredmedia":[{"embeddable":true,"href":"https:\/\/fv-evgruwi.org\/index.php\/wp-json\/wp\/v2\/media\/2859"}],"wp:attachment":[{"href":"https:\/\/fv-evgruwi.org\/index.php\/wp-json\/wp\/v2\/media?parent=2832"}],"wp:term":[{"taxonomy":"category","embeddable":true,"href":"https:\/\/fv-evgruwi.org\/index.php\/wp-json\/wp\/v2\/categories?post=2832"},{"taxonomy":"post_tag","embeddable":true,"href":"https:\/\/fv-evgruwi.org\/index.php\/wp-json\/wp\/v2\/tags?post=2832"}],"curies":[{"name":"wp","href":"https:\/\/api.w.org\/{rel}","templated":true}]}}